{"id":8606,"date":"2025-05-28T11:52:35","date_gmt":"2025-05-28T09:52:35","guid":{"rendered":"https:\/\/www.areabesos.com\/diario\/?p=8606"},"modified":"2025-05-28T11:52:37","modified_gmt":"2025-05-28T09:52:37","slug":"la-plataforma-per-la-conservacio-de-les-tres-xemeneies-inicia-una-campanya-per-un-espai-de-memoria-industrial-a-la-nau-de-turbines","status":"publish","type":"post","link":"https:\/\/www.areabesos.com\/diario\/la-plataforma-per-la-conservacio-de-les-tres-xemeneies-inicia-una-campanya-per-un-espai-de-memoria-industrial-a-la-nau-de-turbines\/","title":{"rendered":"La Plataforma per la conservaci\u00f3 de les tres xemeneies inicia una campanya per un espai de Mem\u00f2ria Industrial a la nau de turbines"},"content":{"rendered":"\n<p>\u201cSigui quin sigui l\u2019\u00fas definitiu de la nau de turbines, cal que aquesta disposi d\u2019un espai expositiu permanent que expliqui l\u2019origen i la hist\u00f2ria de l\u2019edifici i del territori que l\u2019envolta. Una rigorosa recerca hist\u00f2rica hauria de dotar-lo del contingut necessari per divulgar la hist\u00f2ria del lloc en el context dels processos d\u2019industrialitzaci\u00f3 i desindustrialitzaci\u00f3 del Barcelon\u00e8s Nord. Les dimensions haurien de ser adequades per a una exposici\u00f3 permanent i amb prou versatilitat per acollir exposicions temporals en uns espais f\u00e0cilment accessibles, integrats a l\u2019edifici per\u00f2 sense interferir en l\u2019\u00fas principal. I s\u2019hauria de complementar amb una oferta de visites guiades per a particulars, grups, escoles i centres de formaci\u00f3, tant a l\u2019espai expositiu com als indrets m\u00e9s representatius de l\u2019antic proc\u00e9s de producci\u00f3 d\u2019energia el\u00e8ctrica\u201d.<br>La Plataforma per la conservaci\u00f3 de les tres xemenenies vol que la nau de turbines dispongui d\u2019un espai de la Mem\u00f2ria Industrial. Per aconseguir-ho ha comen\u00e7at una campanya a la plataforma online Change.org.<br>I \u00e9s que les tres xemeneies i la nau de turbines, catalogades el 2016 com a B\u00e9 Cultural d\u2019Interpes Local, tal i com la plataforma expresa en el seu escrit de petici\u00f3, \u201cs\u00f3n una aut\u00e8ntica fita en el territori i, malgrat el proc\u00e9s de desindustrialitzaci\u00f3, un dels pocs vestigis que queda dempeus del passat industrial recent. La nau de turbines \u00e9s el lloc ideal on difondre aquest passat. No s\u2019entendria que un conjunt patrimonial com aquest no expliqu\u00e9s, al p\u00fablic que l\u2019utilitza i el visita, quina era la seva funci\u00f3 original, quina ha estat la seva hist\u00f2ria i, per extensi\u00f3, quin ha estat el passat industrial del Barcelon\u00e8s Nord\u201d.<br>L\u2019entitat constata l\u2019inter\u00e9s del p\u00fablic per aquest tema, com va demostrar Manifesta. Les tres xemeneies van ser l\u2019espai m\u00e9s visitat, i la petita sala on es van exposar documents, videos i fotografies sobre aquesta tem\u00e0tica va ser la m\u00e9s visitada i valorada pel p\u00fablic.<br>En el seg\u00fcent enlla\u00e7 es pot signar la petici\u00f3:<\/p>\n\n\n\n<p><a href=\"https:\/\/www.change.org\/p\/volem-un-espai-de-mem%C3%B2ria-industrial-a-la-nau-de-turbines-de-les-tres-xemeneies-sant-adri%C3%A0?recruiter=75768097&amp;recruited_by_id=479a295a-b8c2-41b2-9408-f537b2609263&amp;utm_source=share_petition&amp;utm_campaign=petition_dashboard&amp;utm_medium=copylink\">Petici\u00f3n \u00b7 Volem un espai de mem\u00f2ria industrial a la nau de turbines de les TRES XEMENEIES SANT ADRI\u00c0 &#8211; Espa\u00f1a \u00b7 Change.org<\/a><\/p>\n\n\n\n<p><\/p>\n","protected":false},"excerpt":{"rendered":"<p>\u201cSigui quin sigui l\u2019\u00fas definitiu de la nau de turbines, cal que aquesta disposi d\u2019un espai expositiu permanent que expliqui l\u2019origen i la hist\u00f2ria de l\u2019edifici i del territori que l\u2019envolta. Una rigorosa recerca hist\u00f2rica hauria de dotar-lo del contingut necessari per divulgar la hist\u00f2ria del lloc en el context dels processos d\u2019industrialitzaci\u00f3 i desindustrialitzaci\u00f3 [&hellip;]<\/p>\n","protected":false},"author":1,"featured_media":8607,"comment_status":"closed","ping_status":"open","sticky":false,"template":"","format":"standard","meta":{"footnotes":""},"categories":[134],"tags":[],"class_list":{"0":"post-8606","1":"post","2":"type-post","3":"status-publish","4":"format-standard","5":"has-post-thumbnail","7":"category-actualitat"},"_links":{"self":[{"href":"https:\/\/www.areabesos.com\/diario\/wp-json\/wp\/v2\/posts\/8606","targetHints":{"allow":["GET"]}}],"collection":[{"href":"https:\/\/www.areabesos.com\/diario\/wp-json\/wp\/v2\/posts"}],"about":[{"href":"https:\/\/www.areabesos.com\/diario\/wp-json\/wp\/v2\/types\/post"}],"author":[{"embeddable":true,"href":"https:\/\/www.areabesos.com\/diario\/wp-json\/wp\/v2\/users\/1"}],"replies":[{"embeddable":true,"href":"https:\/\/www.areabesos.com\/diario\/wp-json\/wp\/v2\/comments?post=8606"}],"version-history":[{"count":1,"href":"https:\/\/www.areabesos.com\/diario\/wp-json\/wp\/v2\/posts\/8606\/revisions"}],"predecessor-version":[{"id":8608,"href":"https:\/\/www.areabesos.com\/diario\/wp-json\/wp\/v2\/posts\/8606\/revisions\/8608"}],"wp:featuredmedia":[{"embeddable":true,"href":"https:\/\/www.areabesos.com\/diario\/wp-json\/wp\/v2\/media\/8607"}],"wp:attachment":[{"href":"https:\/\/www.areabesos.com\/diario\/wp-json\/wp\/v2\/media?parent=8606"}],"wp:term":[{"taxonomy":"category","embeddable":true,"href":"https:\/\/www.areabesos.com\/diario\/wp-json\/wp\/v2\/categories?post=8606"},{"taxonomy":"post_tag","embeddable":true,"href":"https:\/\/www.areabesos.com\/diario\/wp-json\/wp\/v2\/tags?post=8606"}],"curies":[{"name":"wp","href":"https:\/\/api.w.org\/{rel}","templated":true}]}}