{"id":8601,"date":"2025-05-28T10:43:14","date_gmt":"2025-05-28T08:43:14","guid":{"rendered":"https:\/\/www.areabesos.com\/diario\/?p=8601"},"modified":"2025-05-28T10:43:14","modified_gmt":"2025-05-28T08:43:14","slug":"neix-el-primer-corriol-petit-a-la-platja-del-forum","status":"publish","type":"post","link":"https:\/\/www.areabesos.com\/diario\/neix-el-primer-corriol-petit-a-la-platja-del-forum\/","title":{"rendered":"Neix el primer corriol petit a la platja del F\u00f2rum"},"content":{"rendered":"\n<p>Aquest mes de maig ha nascut el primer corriol petit a la platja del F\u00f2rum de Sant Adri\u00e0 de Bes\u00f2s, i encara queden 3 ous m\u00e9s per fer eclosi\u00f3.<\/p>\n\n\n\n<p>Es tracta d\u2019un ocell que pertany al grup dels lim\u00edcoles, aus que es caracteritzen per tenir les potes llargues en relaci\u00f3 al seu cos i acostumen a alimentar-se en zones entollades. El corriol petit (en castell\u00e0&nbsp;<em>chorlitejo chico<\/em>) t\u00e9 el bec curt i passa l\u2019hivern majorit\u00e0riament al sud de la pen\u00ednsula Ib\u00e8rica i a l\u2019\u00c0frica.<\/p>\n\n\n\n<p>Arriba a casa nostra cap al mar\u00e7 i nidifica als codolars del riu, per\u00f2 tamb\u00e9 a la sorra de les platges si troba algun rac\u00f3 amb poca vegetaci\u00f3 i una mica de tranquil\u00b7litat. Cal tenir present que necessiten uns 25 dies per covar els ous i els polls ja s\u00f3n capa\u00e7os d\u2019alimentar-se ells mateixos just despr\u00e9s de n\u00e9ixer. No obstant aix\u00f2, els adults els vigilen durant els 30 dies que, aproximadament, trigaran en volar. \u00c9s una esp\u00e8cie protegida per la normativa catalana, espanyola i europea.<\/p>\n\n\n\n<div><a href=\"https:\/\/www.areabesos.com\/diario\/wp-content\/uploads\/2025\/05\/platja-forum-1024x576.jpg\" class=\"td-modal-image\"><figure class=\"wp-block-image size-large\"><img loading=\"lazy\" decoding=\"async\" width=\"1024\" height=\"576\" src=\"https:\/\/www.areabesos.com\/diario\/wp-content\/uploads\/2025\/05\/platja-forum-1024x576.jpg\" alt=\"\" class=\"wp-image-8602\" srcset=\"https:\/\/www.areabesos.com\/diario\/wp-content\/uploads\/2025\/05\/platja-forum-1024x576.jpg 1024w, https:\/\/www.areabesos.com\/diario\/wp-content\/uploads\/2025\/05\/platja-forum-300x169.jpg 300w, https:\/\/www.areabesos.com\/diario\/wp-content\/uploads\/2025\/05\/platja-forum-768x432.jpg 768w, https:\/\/www.areabesos.com\/diario\/wp-content\/uploads\/2025\/05\/platja-forum-150x84.jpg 150w, https:\/\/www.areabesos.com\/diario\/wp-content\/uploads\/2025\/05\/platja-forum-696x392.jpg 696w, https:\/\/www.areabesos.com\/diario\/wp-content\/uploads\/2025\/05\/platja-forum-1068x601.jpg 1068w, https:\/\/www.areabesos.com\/diario\/wp-content\/uploads\/2025\/05\/platja-forum.jpg 1200w\" sizes=\"auto, (max-width: 1024px) 100vw, 1024px\" \/><figcaption class=\"wp-element-caption\">Foto: Xavier Larruy<\/figcaption><\/figure><\/a><\/div>\n\n\n\n<h3 class=\"wp-block-heading\"><strong>Sant Adri\u00e0 pren mesures per afavorir la nidificaci\u00f3 d&#8217;aus protegides<\/strong><\/h3>\n\n\n\n<p class=\" \">Malauradament, en els darrers 20 anys molts pocs pollets han arribat a n\u00e9ixer, doncs els ous s\u00f3n freq\u00fcentment trepitjats per persones i gossos que transiten pel seu h\u00e0bitat de nidificaci\u00f3, la sorra de la platja. De fet, a la conca del Bes\u00f2s hi ha for\u00e7a menys parelles que fa 25 anys. Per aix\u00f2, enguany s\u2019ha posat un tancat al voltant de la platja del F\u00f2rum per tal d\u2019evitar que els nius siguin trepitjats. Gr\u00e0cies a aquests tancaments instal\u00b7lats per la Brigada Municipal i AMB-platges, i a la vigil\u00e0ncia de Protecci\u00f3 Civil, Agents Rurals, Policia Local, Mossos d\u2019Esquadra i Gu\u00e0rdia Civil, i els naturalistes, ha estat possible aquest fet. Aquestes mesures no nom\u00e9s afavoreixen el corriol, doncs desenes d\u2019esp\u00e8cies d\u2019aus es poden aturar en aquests indrets, especialment durant les migracions, sempre i quan no hi hagi persones.<\/p>\n\n\n\n<p class=\" \">Actualment a Sant Adri\u00e0 ja han fet el niu cinc parelles: dues en codolars del riu, van fer una a la barra de sorra de la desembocadura, una a la platja del F\u00f2rum i una al recinte de les Tres Xemeneies. A m\u00e9s, tenim dues parelles m\u00e9s que intenten niar tamb\u00e9 al riu. Es tracta d\u2019una xifra prou remarcable, si tenim en compte la gran pressi\u00f3 humana que pateixen les platges i els rius de l\u2019\u00e0rea metropolitana de Barcelona<\/p>\n\n\n\n<p>No \u00e9s l\u2019\u00fanica esp\u00e8cie de lim\u00edcola que podria niar a Sant Adri\u00e0. En el passat tamb\u00e9 hi criava el corriol camanegre, una esp\u00e8cie amena\u00e7ada d\u2019extinci\u00f3 a Catalunya que va niar per darrer cop el 1999 a la barra de sorra de la desembocadura del Bes\u00f2s. I quan el delta del Bes\u00f2s tenia llacunes, segles enrere, de ben segur hi niaven altres esp\u00e8cies, com ara el cames llargues. Aix\u00ed, la recuperaci\u00f3 d\u2019una part de la fauna i flora que era pr\u00f2pia del Bes\u00f2s encara t\u00e9 reptes per afrontar. Per aconseguir-ho, \u00e9s imprescindible restaurar el m\u00e0xim nombre d&#8217;h\u00e0bitats desapareguts en algun indret del seu delta, com ara una llacuna salobrosa o un bosc de ribera. Tamb\u00e9 \u00e9s important acabar de consolidar els espais delimitats els darrers anys per al creixement de vegetaci\u00f3 dunar a les platges properes al Bes\u00f2s i dotar-les d\u2019una major tranquil\u00b7litat. Aquests reptes nom\u00e9s es podran assolir amb la col\u00b7laboraci\u00f3 de tota la ciutadania. En les nostres mans est\u00e0, doncs, que aquest entorn esdevingui un indret de refer\u00e8ncia per a l\u2019observaci\u00f3 de la natura a nivell metropolit\u00e0, aix\u00ed com un espai de desconnexi\u00f3 per al conjunt de les persones que viuen en aquesta metr\u00f2poli tan estressada.<\/p>\n\n\n\n<figure class=\"wp-block-video\"><video height=\"480\" style=\"aspect-ratio: 848 \/ 480;\" width=\"848\" controls src=\"https:\/\/www.areabesos.com\/diario\/wp-content\/uploads\/2025\/05\/WhatsApp-Video-2025-05-23-at-12.06.49.mp4\"><\/video><figcaption class=\"wp-element-caption\">Video: Paco Torres<\/figcaption><\/figure>\n","protected":false},"excerpt":{"rendered":"<p>Aquest mes de maig ha nascut el primer corriol petit a la platja del F\u00f2rum de Sant Adri\u00e0 de Bes\u00f2s, i encara queden 3 ous m\u00e9s per fer eclosi\u00f3. Es tracta d\u2019un ocell que pertany al grup dels lim\u00edcoles, aus que es caracteritzen per tenir les potes llargues en relaci\u00f3 al seu cos i acostumen [&hellip;]<\/p>\n","protected":false},"author":2,"featured_media":8604,"comment_status":"closed","ping_status":"open","sticky":false,"template":"","format":"standard","meta":{"footnotes":""},"categories":[134],"tags":[],"class_list":{"0":"post-8601","1":"post","2":"type-post","3":"status-publish","4":"format-standard","5":"has-post-thumbnail","7":"category-actualitat"},"_links":{"self":[{"href":"https:\/\/www.areabesos.com\/diario\/wp-json\/wp\/v2\/posts\/8601","targetHints":{"allow":["GET"]}}],"collection":[{"href":"https:\/\/www.areabesos.com\/diario\/wp-json\/wp\/v2\/posts"}],"about":[{"href":"https:\/\/www.areabesos.com\/diario\/wp-json\/wp\/v2\/types\/post"}],"author":[{"embeddable":true,"href":"https:\/\/www.areabesos.com\/diario\/wp-json\/wp\/v2\/users\/2"}],"replies":[{"embeddable":true,"href":"https:\/\/www.areabesos.com\/diario\/wp-json\/wp\/v2\/comments?post=8601"}],"version-history":[{"count":1,"href":"https:\/\/www.areabesos.com\/diario\/wp-json\/wp\/v2\/posts\/8601\/revisions"}],"predecessor-version":[{"id":8605,"href":"https:\/\/www.areabesos.com\/diario\/wp-json\/wp\/v2\/posts\/8601\/revisions\/8605"}],"wp:featuredmedia":[{"embeddable":true,"href":"https:\/\/www.areabesos.com\/diario\/wp-json\/wp\/v2\/media\/8604"}],"wp:attachment":[{"href":"https:\/\/www.areabesos.com\/diario\/wp-json\/wp\/v2\/media?parent=8601"}],"wp:term":[{"taxonomy":"category","embeddable":true,"href":"https:\/\/www.areabesos.com\/diario\/wp-json\/wp\/v2\/categories?post=8601"},{"taxonomy":"post_tag","embeddable":true,"href":"https:\/\/www.areabesos.com\/diario\/wp-json\/wp\/v2\/tags?post=8601"}],"curies":[{"name":"wp","href":"https:\/\/api.w.org\/{rel}","templated":true}]}}