{"id":8598,"date":"2025-05-28T10:36:44","date_gmt":"2025-05-28T08:36:44","guid":{"rendered":"https:\/\/www.areabesos.com\/diario\/?p=8598"},"modified":"2025-05-28T10:36:45","modified_gmt":"2025-05-28T08:36:45","slug":"hablar-de-cuba-en-un-bar","status":"publish","type":"post","link":"https:\/\/www.areabesos.com\/diario\/hablar-de-cuba-en-un-bar\/","title":{"rendered":"Hablar de Cuba en un bar"},"content":{"rendered":"\n<p>Tres personas toman algo en la mesa de al lado y no tengo que disfrazarme de Juanjo Mill\u00e1s para escuchar a la que m\u00e1s habla diciendo que \u201cen Cuba casi no tienen ni para comer porque hasta lo m\u00e1s b\u00e1sico escasea\u201d. Es tal su convicci\u00f3n que me sorprende que no les diga tambi\u00e9n que sus viviendas son peores que las de los espa\u00f1oles que viven sobre ruedas o bajo los puentes, pues hay tanto dinero en Espa\u00f1a que alquilar se ha puesto por las nubes.<\/p>\n\n\n\n<p>Pero despu\u00e9s caigo en que hace tiempo que no s\u00e9 nada de Cuba porque casi todas las noticias hablan de los vaivenes de Trump. Es entonces cuando recuerdo que los n\u00fameros cuentan realidades y deduzco que la esperanza de vida all\u00ed debe ser muy inferior a la de Estados Unidos, por poner el ejemplo de un pa\u00eds donde hay abundancia de todo, incluido de lo menos necesario.<\/p>\n\n\n\n<p>Consulto donde siempre y descubro que en 2023 las esperanzas de vida en Cuba y en los USA fueron, respectivamente, de 78,1 y 78,4 a\u00f1os. Me paro a buscar la otra cara del escaso 0,4% de tiempo que viven m\u00e1s los ricos que los pobres y decido no atreverme a descubrir cuanto ha ca\u00eddo la esperanza de vida de los palestinos que a\u00fan no han sido asesinados en Gaza, todo por culpa de USA y de tantos pa\u00edses multimillonarios que no quieren ense\u00f1ar a Israel un camino decente para responder al ataque que sufri\u00f3 en octubre de 2023.<\/p>\n\n\n\n<p>Para terminar, busco sentencias avaladas por la presumida IA y todas declaran a Cuba inocente de lo de Gaza.<\/p>\n\n\n\n<p><span style=\"background-color:#0d0000\" class=\"td_text_highlight_marker\">Domingo Sanz<\/span><\/p>\n\n\n\n<p><\/p>\n","protected":false},"excerpt":{"rendered":"<p>Tres personas toman algo en la mesa de al lado y no tengo que disfrazarme de Juanjo Mill\u00e1s para escuchar a la que m\u00e1s habla diciendo que \u201cen Cuba casi no tienen ni para comer porque hasta lo m\u00e1s b\u00e1sico escasea\u201d. Es tal su convicci\u00f3n que me sorprende que no les diga tambi\u00e9n que sus [&hellip;]<\/p>\n","protected":false},"author":2,"featured_media":8599,"comment_status":"closed","ping_status":"open","sticky":false,"template":"","format":"standard","meta":{"footnotes":""},"categories":[139],"tags":[],"class_list":{"0":"post-8598","1":"post","2":"type-post","3":"status-publish","4":"format-standard","5":"has-post-thumbnail","7":"category-opinio"},"_links":{"self":[{"href":"https:\/\/www.areabesos.com\/diario\/wp-json\/wp\/v2\/posts\/8598","targetHints":{"allow":["GET"]}}],"collection":[{"href":"https:\/\/www.areabesos.com\/diario\/wp-json\/wp\/v2\/posts"}],"about":[{"href":"https:\/\/www.areabesos.com\/diario\/wp-json\/wp\/v2\/types\/post"}],"author":[{"embeddable":true,"href":"https:\/\/www.areabesos.com\/diario\/wp-json\/wp\/v2\/users\/2"}],"replies":[{"embeddable":true,"href":"https:\/\/www.areabesos.com\/diario\/wp-json\/wp\/v2\/comments?post=8598"}],"version-history":[{"count":1,"href":"https:\/\/www.areabesos.com\/diario\/wp-json\/wp\/v2\/posts\/8598\/revisions"}],"predecessor-version":[{"id":8600,"href":"https:\/\/www.areabesos.com\/diario\/wp-json\/wp\/v2\/posts\/8598\/revisions\/8600"}],"wp:featuredmedia":[{"embeddable":true,"href":"https:\/\/www.areabesos.com\/diario\/wp-json\/wp\/v2\/media\/8599"}],"wp:attachment":[{"href":"https:\/\/www.areabesos.com\/diario\/wp-json\/wp\/v2\/media?parent=8598"}],"wp:term":[{"taxonomy":"category","embeddable":true,"href":"https:\/\/www.areabesos.com\/diario\/wp-json\/wp\/v2\/categories?post=8598"},{"taxonomy":"post_tag","embeddable":true,"href":"https:\/\/www.areabesos.com\/diario\/wp-json\/wp\/v2\/tags?post=8598"}],"curies":[{"name":"wp","href":"https:\/\/api.w.org\/{rel}","templated":true}]}}