{"id":8594,"date":"2025-10-22T12:26:45","date_gmt":"2025-10-22T10:26:45","guid":{"rendered":"https:\/\/www.areabesos.com\/diario\/?p=8594"},"modified":"2025-10-22T12:55:22","modified_gmt":"2025-10-22T10:55:22","slug":"lagrupacio-fotografica-de-sant-adria-organitza-un-concurs-per-a-menors-de-18-anys","status":"publish","type":"post","link":"https:\/\/www.areabesos.com\/diario\/lagrupacio-fotografica-de-sant-adria-organitza-un-concurs-per-a-menors-de-18-anys\/","title":{"rendered":"Encara hi ha temps per participar al concurs de fotografia per a menors de 18 anys de l&#8217;Agrupaci\u00f3"},"content":{"rendered":"\n<p>L&#8217;Agrupaci\u00f3 Fotogr\u00e0fica Sant Joan Baptista de Sant Adri\u00e0 de Bes\u00f2s organitza un concurs per a joves menors de 18 anys. Sota el t\u00edtol \u00abEl nostre entorn\u00bb, els participants podran enviar fotografies fetes amb qualsevol mitj\u00e0, amb m\u00e0quina de fer fotos, m\u00f2bil, tauleta, etc. El que s\u00ed que no podran utilizar ser\u00e0 la IA, la intel\u00b7lig\u00e8ncia artificial, i la tem\u00e0tica ser\u00e0, com el nom del concurs indica, tot el que estigui al seu entorn, la fam\u00edlia, els amics, l&#8217;escola, l&#8217;esport, etc. <\/p>\n\n\n\n<p>Es repartiran cinc premis, amb una dotaci\u00f3 econ\u00f2mica de 100 euros el primer, 75 el segon, 50 el tercer, i 25 el quart i el cinqu\u00e8, en targeta regal, perqu\u00e8 el puguin fer servir i comprar-se el que vulguin. Les fotos, de no m\u00e9s de 2MB de tamany, s&#8217;han d&#8217;enciar per correu electr\u00f2nic a concursosagrufotosantadria@gmail.com. Hi ha de temps per participar fins el 13 de novembre, el veredicte ser\u00e0 el 19 del mateix mes, i el 4 de desembre es lliuraran els premis i s&#8217;inaugurar\u00e0 una exposici\u00f3 amb les fotos guanyadores i una de cada un dels participants. <\/p>\n\n\n\n<p>Amb aquest concurs, l&#8217;agrupaci\u00f3 vol apropar l&#8217;art de la fotografia als m\u00e9s joves.<\/p>\n\n\n\n<p> <\/p>\n\n\n\n<div><a href=\"https:\/\/www.areabesos.com\/diario\/wp-content\/uploads\/2025\/05\/diptic-EL-NOSTRE-ENTORN-2025-2-1024x711.jpg\" class=\"td-modal-image\"><figure class=\"wp-block-image size-large\"><img loading=\"lazy\" decoding=\"async\" width=\"1024\" height=\"711\" src=\"https:\/\/www.areabesos.com\/diario\/wp-content\/uploads\/2025\/05\/diptic-EL-NOSTRE-ENTORN-2025-2-1024x711.jpg\" alt=\"\" class=\"wp-image-8595\" srcset=\"https:\/\/www.areabesos.com\/diario\/wp-content\/uploads\/2025\/05\/diptic-EL-NOSTRE-ENTORN-2025-2-1024x711.jpg 1024w, https:\/\/www.areabesos.com\/diario\/wp-content\/uploads\/2025\/05\/diptic-EL-NOSTRE-ENTORN-2025-2-300x208.jpg 300w, https:\/\/www.areabesos.com\/diario\/wp-content\/uploads\/2025\/05\/diptic-EL-NOSTRE-ENTORN-2025-2-768x533.jpg 768w, https:\/\/www.areabesos.com\/diario\/wp-content\/uploads\/2025\/05\/diptic-EL-NOSTRE-ENTORN-2025-2-150x104.jpg 150w, https:\/\/www.areabesos.com\/diario\/wp-content\/uploads\/2025\/05\/diptic-EL-NOSTRE-ENTORN-2025-2-218x150.jpg 218w, https:\/\/www.areabesos.com\/diario\/wp-content\/uploads\/2025\/05\/diptic-EL-NOSTRE-ENTORN-2025-2-696x483.jpg 696w, https:\/\/www.areabesos.com\/diario\/wp-content\/uploads\/2025\/05\/diptic-EL-NOSTRE-ENTORN-2025-2-1068x741.jpg 1068w, https:\/\/www.areabesos.com\/diario\/wp-content\/uploads\/2025\/05\/diptic-EL-NOSTRE-ENTORN-2025-2.jpg 1200w\" sizes=\"auto, (max-width: 1024px) 100vw, 1024px\" \/><\/figure><\/a><\/div>\n","protected":false},"excerpt":{"rendered":"<p>L&#8217;Agrupaci\u00f3 Fotogr\u00e0fica Sant Joan Baptista de Sant Adri\u00e0 de Bes\u00f2s organitza un concurs per a joves menors de 18 anys. Sota el t\u00edtol \u00abEl nostre entorn\u00bb, els participants podran enviar fotografies fetes amb qualsevol mitj\u00e0, amb m\u00e0quina de fer fotos, m\u00f2bil, tauleta, etc. El que s\u00ed que no podran utilizar ser\u00e0 la IA, la intel\u00b7lig\u00e8ncia [&hellip;]<\/p>\n","protected":false},"author":1,"featured_media":8596,"comment_status":"closed","ping_status":"open","sticky":false,"template":"","format":"standard","meta":{"footnotes":""},"categories":[136],"tags":[],"class_list":{"0":"post-8594","1":"post","2":"type-post","3":"status-publish","4":"format-standard","5":"has-post-thumbnail","7":"category-cultura"},"_links":{"self":[{"href":"https:\/\/www.areabesos.com\/diario\/wp-json\/wp\/v2\/posts\/8594","targetHints":{"allow":["GET"]}}],"collection":[{"href":"https:\/\/www.areabesos.com\/diario\/wp-json\/wp\/v2\/posts"}],"about":[{"href":"https:\/\/www.areabesos.com\/diario\/wp-json\/wp\/v2\/types\/post"}],"author":[{"embeddable":true,"href":"https:\/\/www.areabesos.com\/diario\/wp-json\/wp\/v2\/users\/1"}],"replies":[{"embeddable":true,"href":"https:\/\/www.areabesos.com\/diario\/wp-json\/wp\/v2\/comments?post=8594"}],"version-history":[{"count":2,"href":"https:\/\/www.areabesos.com\/diario\/wp-json\/wp\/v2\/posts\/8594\/revisions"}],"predecessor-version":[{"id":9137,"href":"https:\/\/www.areabesos.com\/diario\/wp-json\/wp\/v2\/posts\/8594\/revisions\/9137"}],"wp:featuredmedia":[{"embeddable":true,"href":"https:\/\/www.areabesos.com\/diario\/wp-json\/wp\/v2\/media\/8596"}],"wp:attachment":[{"href":"https:\/\/www.areabesos.com\/diario\/wp-json\/wp\/v2\/media?parent=8594"}],"wp:term":[{"taxonomy":"category","embeddable":true,"href":"https:\/\/www.areabesos.com\/diario\/wp-json\/wp\/v2\/categories?post=8594"},{"taxonomy":"post_tag","embeddable":true,"href":"https:\/\/www.areabesos.com\/diario\/wp-json\/wp\/v2\/tags?post=8594"}],"curies":[{"name":"wp","href":"https:\/\/api.w.org\/{rel}","templated":true}]}}