{"id":8591,"date":"2025-05-22T12:14:53","date_gmt":"2025-05-22T10:14:53","guid":{"rendered":"https:\/\/www.areabesos.com\/diario\/?p=8591"},"modified":"2025-05-22T12:14:53","modified_gmt":"2025-05-22T10:14:53","slug":"el-barri-de-la-mina-celebra-la-seva-xxxiv-setmana-cultural","status":"publish","type":"post","link":"https:\/\/www.areabesos.com\/diario\/el-barri-de-la-mina-celebra-la-seva-xxxiv-setmana-cultural\/","title":{"rendered":"El barri de La Mina celebra la seva XXXIV Setmana cultural"},"content":{"rendered":"\n<p>El barri de La Mina celebra la seva tradicional Setmana cultural. Un esdeveniment ple d&#8217;activitats, tallers, m\u00fasica, cultura i conviv\u00e8ncia, organitzada per enfortir els vincles i celebrar la riquesa de les entitats, ve\u00efns i ve\u00efnes del barri.<\/p>\n\n\n\n<p><strong>Dilluns, 26 de maig<\/strong><\/p>\n\n\n\n<ul class=\"wp-block-list\">\n<li>17 h Acte d\u2019Inauguraci\u00f3<\/li>\n\n\n\n<li>Xerrada: \u201cControl sobre les meves factures\u201d. A c\u00e0rrec de l\u2019Oficina Pobresa Energ\u00e8tica<\/li>\n\n\n\n<li>Exposici\u00f3 \u201cInstants\u201d de Mariya Kostadinova, artista local<\/li>\n\n\n\n<li>18 h Espectacle de dansa contempor\u00e0nia. A c\u00e0rrec del Cos de Dansa Retahila de Somnis<\/li>\n<\/ul>\n\n\n\n<p>Lloc: Espai Cultural Font de la Mina (Ponent, 21)<\/p>\n\n\n\n<p><strong>Dimarts, 27 de maig<\/strong><\/p>\n\n\n\n<ul class=\"wp-block-list\">\n<li>10 h Cartografia Sensible de la Mina. Passejada pel barri organitzada i dinamitzada per desdelamina.net.<\/li>\n<\/ul>\n\n\n\n<p>Lloc de trobada: Escales Esgl\u00e9sia Ntra. Sra. de les Neus<\/p>\n\n\n\n<ul class=\"wp-block-list\">\n<li>17 h IV Jornada de Rob\u00f2tica al Carrer de la Mina. A c\u00e0rrec de Punt \u00d2mnia (PES La Mina) i PUCRA (UPC)<\/li>\n\n\n\n<li>17 h Balls del M\u00f3n\n<ul class=\"wp-block-list\">\n<li>Balls del Caucas. A c\u00e0rrec del grup de dansa Alania<\/li>\n\n\n\n<li>Ball Country. A c\u00e0rrec del grup Country Solidari<\/li>\n\n\n\n<li>Actuaci\u00f3 i taller de Hip Hop. A c\u00e0rrec de Deku Rojas<\/li>\n<\/ul>\n<\/li>\n<\/ul>\n\n\n\n<p>Lloc: Espai Cultural Font de la Mina (Ponent, 21)<\/p>\n\n\n\n<p><strong>Dimecres, 28 de maig<\/strong><\/p>\n\n\n\n<ul class=\"wp-block-list\">\n<li>De 10 h a 19.30h. Mostra d\u2019Entitats. Parades i tallers<\/li>\n\n\n\n<li>Activitats socioculturals al llarg de tot el dia\n<ul class=\"wp-block-list\">\n<li>Espai nad\u00f3 de joc<\/li>\n\n\n\n<li>Concurs de Truites<\/li>\n\n\n\n<li>Torneig d\u2019Escacs<\/li>\n\n\n\n<li>Espectacle de circ<\/li>\n\n\n\n<li>Jocs Infantils a la pla\u00e7a<\/li>\n\n\n\n<li>Taller mural\u00edstic de trencad\u00eds i cer\u00e0mica<\/li>\n<\/ul>\n<\/li>\n<\/ul>\n\n\n\n<p>Lloc: Pla\u00e7a Maria \u00c0ngels Rosell Simplicio<\/p>\n\n\n\n<p><strong>Dijous, 29 de maig<\/strong><\/p>\n\n\n\n<ul class=\"wp-block-list\">\n<li>9 h Activitat f\u00edsica. A c\u00e0rrec del CAP La Mina<\/li>\n<\/ul>\n\n\n\n<p>Lloc: Pla\u00e7a Maria \u00c0ngels Rosell Simplicio<\/p>\n\n\n\n<ul class=\"wp-block-list\">\n<li>17.30 h Concert. A c\u00e0rrec del Combo de Corda de l\u2019Escola Municipal de M\u00fasica Benet Bails<\/li>\n\n\n\n<li>18.15 h Espectacle de Flamenco. A c\u00e0rrec del Grup de Flamenco del Centre Cultural Gitano La Mina<\/li>\n\n\n\n<li>19 h Presentaci\u00f3 del llibre \u201cDreceres quan no cal\u201d d\u2019Agust\u00ed Clua, professor de l\u2019Institut Escola La Mina<\/li>\n<\/ul>\n\n\n\n<p>Lloc: Espai Cultural Font de la Mina (Ponent, 21)<\/p>\n\n\n\n<p><strong>Divendres, 30 de maig<\/strong><\/p>\n\n\n\n<ul class=\"wp-block-list\">\n<li>21 h Sopar d\u2019Entitats i ve\u00efnat<\/li>\n<\/ul>\n\n\n\n<p>Lloc: Espai Cultural Font de la Mina (Ponent, 21)<\/p>\n\n\n\n<p><strong>Dissabte, 31 de maig<\/strong><\/p>\n\n\n\n<ul class=\"wp-block-list\">\n<li>10 h Torneig 3X3 de B\u00e0squet, Concurs de triples, Streetball show i MasterClass de Zumba. Organitza Espai Jove i Joventut Esportiva<\/li>\n<\/ul>\n\n\n\n<p>Lloc: Rambla Camar\u00f3n<\/p>\n\n\n\n<ul class=\"wp-block-list\">\n<li>18 h. Amist\u00f3s del Benjamin Femen\u00ed del CF Tramuntana<\/li>\n\n\n\n<li>20 h. Amist\u00f3s de l\u2019Infantil Femen\u00ed del CF Tramuntana<\/li>\n<\/ul>\n\n\n\n<p>Per determinar els equips contrincants. Organitza CF Tramuntana<\/p>\n\n\n\n<p>Lloc: Zona Esportiva La Mina (Ar\u00edstides Maillol, s\/n)<\/p>\n\n\n\n<p><strong>Diumenge, 1 de juny<\/strong><\/p>\n\n\n\n<ul class=\"wp-block-list\">\n<li>9 h Caminada Popular. Organitza l\u2019Agrupaci\u00f3 La Mina Camina<\/li>\n<\/ul>\n\n\n\n<p>Lloc de trobada: Pla\u00e7a Maria \u00c0ngels Rosell Simplicio (davant CAP La Mina)<\/p>\n\n\n\n<p><strong>*De dilluns a dijous, cada tarda berenar popular<\/strong><\/p>\n","protected":false},"excerpt":{"rendered":"<p>El barri de La Mina celebra la seva tradicional Setmana cultural. Un esdeveniment ple d&#8217;activitats, tallers, m\u00fasica, cultura i conviv\u00e8ncia, organitzada per enfortir els vincles i celebrar la riquesa de les entitats, ve\u00efns i ve\u00efnes del barri. Dilluns, 26 de maig Lloc: Espai Cultural Font de la Mina (Ponent, 21) Dimarts, 27 de maig Lloc [&hellip;]<\/p>\n","protected":false},"author":2,"featured_media":8592,"comment_status":"closed","ping_status":"open","sticky":false,"template":"","format":"standard","meta":{"footnotes":""},"categories":[136],"tags":[],"class_list":{"0":"post-8591","1":"post","2":"type-post","3":"status-publish","4":"format-standard","5":"has-post-thumbnail","7":"category-cultura"},"_links":{"self":[{"href":"https:\/\/www.areabesos.com\/diario\/wp-json\/wp\/v2\/posts\/8591","targetHints":{"allow":["GET"]}}],"collection":[{"href":"https:\/\/www.areabesos.com\/diario\/wp-json\/wp\/v2\/posts"}],"about":[{"href":"https:\/\/www.areabesos.com\/diario\/wp-json\/wp\/v2\/types\/post"}],"author":[{"embeddable":true,"href":"https:\/\/www.areabesos.com\/diario\/wp-json\/wp\/v2\/users\/2"}],"replies":[{"embeddable":true,"href":"https:\/\/www.areabesos.com\/diario\/wp-json\/wp\/v2\/comments?post=8591"}],"version-history":[{"count":1,"href":"https:\/\/www.areabesos.com\/diario\/wp-json\/wp\/v2\/posts\/8591\/revisions"}],"predecessor-version":[{"id":8593,"href":"https:\/\/www.areabesos.com\/diario\/wp-json\/wp\/v2\/posts\/8591\/revisions\/8593"}],"wp:featuredmedia":[{"embeddable":true,"href":"https:\/\/www.areabesos.com\/diario\/wp-json\/wp\/v2\/media\/8592"}],"wp:attachment":[{"href":"https:\/\/www.areabesos.com\/diario\/wp-json\/wp\/v2\/media?parent=8591"}],"wp:term":[{"taxonomy":"category","embeddable":true,"href":"https:\/\/www.areabesos.com\/diario\/wp-json\/wp\/v2\/categories?post=8591"},{"taxonomy":"post_tag","embeddable":true,"href":"https:\/\/www.areabesos.com\/diario\/wp-json\/wp\/v2\/tags?post=8591"}],"curies":[{"name":"wp","href":"https:\/\/api.w.org\/{rel}","templated":true}]}}