{"id":8581,"date":"2025-05-16T13:13:40","date_gmt":"2025-05-16T11:13:40","guid":{"rendered":"https:\/\/www.areabesos.com\/diario\/?p=8581"},"modified":"2025-05-16T13:13:41","modified_gmt":"2025-05-16T11:13:41","slug":"grup-tersa-i-innobaix-impulsen-la-sostenibilitat-en-una-jornada-adrecada-a-empreses-del-territori","status":"publish","type":"post","link":"https:\/\/www.areabesos.com\/diario\/grup-tersa-i-innobaix-impulsen-la-sostenibilitat-en-una-jornada-adrecada-a-empreses-del-territori\/","title":{"rendered":"Grup TERSA i Innobaix impulsen la sostenibilitat en una jornada adre\u00e7ada a empreses del territori"},"content":{"rendered":"\n<p>Grup TERSA, l\u2019empresa especialitzada en la gesti\u00f3 de serveis ambientals relacionats amb l\u2019economia circular i que est\u00e0 participada majorit\u00e0riament per l\u2019Ajuntament de Barcelona i l\u2019\u00c0rea Metropolitana de Barcelona (AMB), ha organitzat amb Innobaix, l\u2019Ag\u00e8ncia d\u2019Innovaci\u00f3 i Coneixement del Baix Llobregat i l\u2019Hospitalet, una trobada adre\u00e7ada al teixit empresarial del territori per reflexionar sobre la integraci\u00f3 estrat\u00e8gica de la sostenibilitat en les organitzacions.<\/p>\n\n\n\n<p>La jornada, que es va celebrar el passat 15 de maig, es va centrar en temes clau com la planificaci\u00f3 estrat\u00e8gica, la descarbonitzaci\u00f3, l\u2019impuls de les energies renovables i l\u2019economia circular. Gemma Gargallo, directora de Desenvolupament Corporatiu i Sostenibilitat de Grup TERSA i Iu Gallart, director de Barcelona Energia, van liderar la sessi\u00f3, aportant coneixement t\u00e8cnic i experi\u00e8ncia pr\u00e0ctica. La trobada va completar-se amb una visita a la Planta de Valoritzaci\u00f3 Energ\u00e8tica de Sant Adri\u00e0 de Bes\u00f2s, una instal\u00b7laci\u00f3 puntera que \u00e9s un clar exemple d\u2019innovaci\u00f3 tecnol\u00f2gica aplicada a la gesti\u00f3 dels residus municipals al nostre territori. La sessi\u00f3 va comptar tamb\u00e9, amb un esmorzar-<em>networking<\/em> que va afavorir l\u2019intercanvi d\u2019idees i la generaci\u00f3 de sinergies entre les persones assistents.<\/p>\n\n\n\n<p><strong>Altres iniciatives d\u2019\u00e8xit impulsades amb Innobaix<\/strong><\/p>\n\n\n\n<p>Grup TERSA, adherida a Innobaix des de 2024<em>, <\/em>col\u00b7labora activament amb l\u2019Ag\u00e8ncia amb iniciatives que promouen el coneixement, la innovaci\u00f3 i la creaci\u00f3 de sinergies amb l\u2019empresariat de l\u2019entorn metropolit\u00e0. Per exemple, va participar, l\u2019any passat, en el programa <strong><em>Afterworks<\/em><\/strong>, organitzant-ne un a La F\u00e0brica del Sol. Durant aquesta sessi\u00f3, Grup TERSA va compartir la seva experi\u00e8ncia com a empresa p\u00fablica compromesa amb la sostenibilitat. L\u2019acte es va complementar amb una visita a l\u2019edifici demostratiu i un espai de <em>networking<\/em>.<\/p>\n\n\n\n<p>A m\u00e9s, el Grup TERSA tamb\u00e9 va acollir l\u2019<strong>Innobus<\/strong>, una iniciativa que connecta empreses i joves talents universitaris del territori. En l\u2019edici\u00f3 de 2024, la planta de selecci\u00f3 d\u2019envasos lleugers de <strong>SEMESA<\/strong> va comptar amb la visita dels participants d\u2019aquesta iniciativa en una de les etapes del recorregut i, d\u2019aquesta manera, les persones assistents van con\u00e8ixer <em>in situ<\/em> el funcionament de la instal\u00b7laci\u00f3 de selecci\u00f3 d\u2019envasos lleugers i els resultats del projecte d\u2019optimitzaci\u00f3 implantat recentment. A m\u00e9s, dins d\u2019aquesta iniciativa, Grup TERSA va llan\u00e7ar un repte als joves participants: dissenyar un programa de visites educatiu, interactiu i inclusiu sobre la import\u00e0ncia de la gesti\u00f3 sostenible de residus.&nbsp;De fet, TERSA ha renovat enguany la seva participaci\u00f3 en aquest programa, reafirmant el seu comprom\u00eds amb la formaci\u00f3, la innovaci\u00f3 i la captaci\u00f3 de talent jove.<\/p>\n\n\n\n<p>Amb aquesta acci\u00f3, i en el marc de la col\u00b7laboraci\u00f3 amb Innobaix, Grup TERSA consolida el seu comprom\u00eds amb la innovaci\u00f3, la sostenibilitat i el desenvolupament econ\u00f2mic del territori. L\u2019impuls d\u2019iniciatives com aquesta refor\u00e7a la voluntat de Grup TERSA d\u2019establir aliances estrat\u00e8giques amb el teixit empresarial i el talent emergent de l\u2019\u00e0rea metropolitana, tot posant en valor la seva traject\u00f2ria com a empresa p\u00fablica referent en serveis ambientals relacionats amb l\u2019economia circular i la transici\u00f3 energ\u00e8tica. Grup TERSA mant\u00e9 el seu enfocament en la millora cont\u00ednua i en la innovaci\u00f3, amb l\u2019objectiu d\u2019avan\u00e7ar cap a un model de gesti\u00f3 cada cop m\u00e9s eficient i sostenible, i de generar espais de col\u00b7laboraci\u00f3 que donin resposta als grans reptes mediambientals globals.<\/p>\n","protected":false},"excerpt":{"rendered":"<p>Grup TERSA, l\u2019empresa especialitzada en la gesti\u00f3 de serveis ambientals relacionats amb l\u2019economia circular i que est\u00e0 participada majorit\u00e0riament per l\u2019Ajuntament de Barcelona i l\u2019\u00c0rea Metropolitana de Barcelona (AMB), ha organitzat amb Innobaix, l\u2019Ag\u00e8ncia d\u2019Innovaci\u00f3 i Coneixement del Baix Llobregat i l\u2019Hospitalet, una trobada adre\u00e7ada al teixit empresarial del territori per reflexionar sobre la integraci\u00f3 [&hellip;]<\/p>\n","protected":false},"author":2,"featured_media":8582,"comment_status":"closed","ping_status":"open","sticky":false,"template":"","format":"standard","meta":{"footnotes":""},"categories":[134],"tags":[],"class_list":{"0":"post-8581","1":"post","2":"type-post","3":"status-publish","4":"format-standard","5":"has-post-thumbnail","7":"category-actualitat"},"_links":{"self":[{"href":"https:\/\/www.areabesos.com\/diario\/wp-json\/wp\/v2\/posts\/8581","targetHints":{"allow":["GET"]}}],"collection":[{"href":"https:\/\/www.areabesos.com\/diario\/wp-json\/wp\/v2\/posts"}],"about":[{"href":"https:\/\/www.areabesos.com\/diario\/wp-json\/wp\/v2\/types\/post"}],"author":[{"embeddable":true,"href":"https:\/\/www.areabesos.com\/diario\/wp-json\/wp\/v2\/users\/2"}],"replies":[{"embeddable":true,"href":"https:\/\/www.areabesos.com\/diario\/wp-json\/wp\/v2\/comments?post=8581"}],"version-history":[{"count":1,"href":"https:\/\/www.areabesos.com\/diario\/wp-json\/wp\/v2\/posts\/8581\/revisions"}],"predecessor-version":[{"id":8583,"href":"https:\/\/www.areabesos.com\/diario\/wp-json\/wp\/v2\/posts\/8581\/revisions\/8583"}],"wp:featuredmedia":[{"embeddable":true,"href":"https:\/\/www.areabesos.com\/diario\/wp-json\/wp\/v2\/media\/8582"}],"wp:attachment":[{"href":"https:\/\/www.areabesos.com\/diario\/wp-json\/wp\/v2\/media?parent=8581"}],"wp:term":[{"taxonomy":"category","embeddable":true,"href":"https:\/\/www.areabesos.com\/diario\/wp-json\/wp\/v2\/categories?post=8581"},{"taxonomy":"post_tag","embeddable":true,"href":"https:\/\/www.areabesos.com\/diario\/wp-json\/wp\/v2\/tags?post=8581"}],"curies":[{"name":"wp","href":"https:\/\/api.w.org\/{rel}","templated":true}]}}