{"id":8578,"date":"2025-05-15T12:47:32","date_gmt":"2025-05-15T10:47:32","guid":{"rendered":"https:\/\/www.areabesos.com\/diario\/?p=8578"},"modified":"2025-05-15T12:47:33","modified_gmt":"2025-05-15T10:47:33","slug":"el-casal-dalt-de-la-vila-acull-una-exposicio-sobre-dones-refugiades-sirianes","status":"publish","type":"post","link":"https:\/\/www.areabesos.com\/diario\/el-casal-dalt-de-la-vila-acull-una-exposicio-sobre-dones-refugiades-sirianes\/","title":{"rendered":"El Casal Dalt de la Vila acull una exposici\u00f3 sobre dones refugiades sirianes"},"content":{"rendered":"\n<p>Al Casal Dalt de la Vila (pla\u00e7a de l&#8217;Esgl\u00e9sia, 13 de Sant Adri\u00e0 de Bes\u00f2s), a partir d&#8217;el proper&#8217;avui dijous 15 de maig i fins el 27 de juny, es podr\u00e0 veure l&#8217;exposici\u00f3 <em><strong>\u00abAamelat souriyat. Jornaleres sirianes, nenes i dones refugiades a la Vall de la Bekaa\u00bb<\/strong><\/em> de la fotoperiodista <strong>Eva Parey.<\/strong><\/p>\n\n\n\n<p>El L\u00edban \u00e9s el pa\u00eds que m\u00e9s persones refugiades sirianes acull del m\u00f3n. la seva poblaci\u00f3 ha augmentat un 25% des del 2011 a causa de la guerra a S\u00edria. A la Vall de la Bekka, el treball dels temporers ha estat substitu\u00eft per el de nenes i dones refugiades, fugides de la guerra que treballen en condicions d&#8217;explotaci\u00f3.<\/p>\n\n\n\n<p>L&#8217;acte comen\u00e7ar\u00e0 a les 18h amb una activitat simult\u00e0nia a diferens municipis, <strong><em>M\u00fasica per Palestina <\/em><\/strong>amb motiu de la commemoraci\u00f3 de la Nakba i com a mostra de solidaritat amb el poble palest\u00ed. Als camps de persones refugiades palestines al L\u00edban tamb\u00e9 es realitzaran actuacions i, tant all\u00e0 com aqu\u00ed, s&#8217;interpretar\u00e0 una can\u00e7\u00f3 tradicional palestina. Organitzat per TACC (Taller d&#8217;Art, Cultura i Creaci\u00f3)<\/p>\n\n\n\n<p>A les 18.30h s&#8217;inaugurar\u00e0 l&#8217;exposici\u00f3 amb la pres\u00e8ncia de la seva autora Eva Parey, amb la que podrem compartir la seva experi\u00e8ncia als camps de persones refugiades sirianes.<\/p>\n","protected":false},"excerpt":{"rendered":"<p>Al Casal Dalt de la Vila (pla\u00e7a de l&#8217;Esgl\u00e9sia, 13 de Sant Adri\u00e0 de Bes\u00f2s), a partir d&#8217;el proper&#8217;avui dijous 15 de maig i fins el 27 de juny, es podr\u00e0 veure l&#8217;exposici\u00f3 \u00abAamelat souriyat. Jornaleres sirianes, nenes i dones refugiades a la Vall de la Bekaa\u00bb de la fotoperiodista Eva Parey. El L\u00edban \u00e9s [&hellip;]<\/p>\n","protected":false},"author":1,"featured_media":8579,"comment_status":"closed","ping_status":"open","sticky":false,"template":"","format":"standard","meta":{"footnotes":""},"categories":[134],"tags":[],"class_list":{"0":"post-8578","1":"post","2":"type-post","3":"status-publish","4":"format-standard","5":"has-post-thumbnail","7":"category-actualitat"},"_links":{"self":[{"href":"https:\/\/www.areabesos.com\/diario\/wp-json\/wp\/v2\/posts\/8578","targetHints":{"allow":["GET"]}}],"collection":[{"href":"https:\/\/www.areabesos.com\/diario\/wp-json\/wp\/v2\/posts"}],"about":[{"href":"https:\/\/www.areabesos.com\/diario\/wp-json\/wp\/v2\/types\/post"}],"author":[{"embeddable":true,"href":"https:\/\/www.areabesos.com\/diario\/wp-json\/wp\/v2\/users\/1"}],"replies":[{"embeddable":true,"href":"https:\/\/www.areabesos.com\/diario\/wp-json\/wp\/v2\/comments?post=8578"}],"version-history":[{"count":1,"href":"https:\/\/www.areabesos.com\/diario\/wp-json\/wp\/v2\/posts\/8578\/revisions"}],"predecessor-version":[{"id":8580,"href":"https:\/\/www.areabesos.com\/diario\/wp-json\/wp\/v2\/posts\/8578\/revisions\/8580"}],"wp:featuredmedia":[{"embeddable":true,"href":"https:\/\/www.areabesos.com\/diario\/wp-json\/wp\/v2\/media\/8579"}],"wp:attachment":[{"href":"https:\/\/www.areabesos.com\/diario\/wp-json\/wp\/v2\/media?parent=8578"}],"wp:term":[{"taxonomy":"category","embeddable":true,"href":"https:\/\/www.areabesos.com\/diario\/wp-json\/wp\/v2\/categories?post=8578"},{"taxonomy":"post_tag","embeddable":true,"href":"https:\/\/www.areabesos.com\/diario\/wp-json\/wp\/v2\/tags?post=8578"}],"curies":[{"name":"wp","href":"https:\/\/api.w.org\/{rel}","templated":true}]}}