{"id":8575,"date":"2025-05-15T11:25:23","date_gmt":"2025-05-15T09:25:23","guid":{"rendered":"https:\/\/www.areabesos.com\/diario\/?p=8575"},"modified":"2025-05-15T11:25:24","modified_gmt":"2025-05-15T09:25:24","slug":"sant-adria-suspen-les-llicencies-per-a-establiments-de-manicura-fruiteria-supermercats-i-venda-de-dispositius-electronics-durant-un-any","status":"publish","type":"post","link":"https:\/\/www.areabesos.com\/diario\/sant-adria-suspen-les-llicencies-per-a-establiments-de-manicura-fruiteria-supermercats-i-venda-de-dispositius-electronics-durant-un-any\/","title":{"rendered":"Sant Adri\u00e0 susp\u00e8n les llic\u00e8ncies per a establiments de manicura, fruiteria, supermercats i venda de dispositius electr\u00f2nics durant un any"},"content":{"rendered":"\n<p>L\u2019Ajuntament de Sant Adri\u00e0 ha aprovat un decret per suspendre l\u2019atorgament i tramitaci\u00f3 de llic\u00e8ncies d\u2019activitats de manicura, fruiteria\/verduleria, supermercats i venda i manteniment de dispositius electr\u00f2nics durant un any.<\/p>\n\n\n\n<p>La mesura s&#8217;aplicar\u00e0 exclusivament a l&#8217;eix comercial de l\u2019av. Catalunya i als carrers adjacents: l&#8217;av. Pi i Margall, el c. Bogatell, el c. de Santa Caterina, i l&#8217;av. de Joan XXIII en la zona lim\u00edtrofa de Badalona.<\/p>\n\n\n\n<p>El consistori ha aprovat aquesta suspensi\u00f3 temporal de llic\u00e8ncies davant l&#8217;increment significatiu i recent d&#8217;aquest tipus de negoci en aquesta zona que actualment satisfan amb escreix la demanda. La decisi\u00f3 t\u00e9 com a finalitat principal impulsar la diversitat i la qualitat del teixit comercial a la ciutat.<\/p>\n","protected":false},"excerpt":{"rendered":"<p>L\u2019Ajuntament de Sant Adri\u00e0 ha aprovat un decret per suspendre l\u2019atorgament i tramitaci\u00f3 de llic\u00e8ncies d\u2019activitats de manicura, fruiteria\/verduleria, supermercats i venda i manteniment de dispositius electr\u00f2nics durant un any. La mesura s&#8217;aplicar\u00e0 exclusivament a l&#8217;eix comercial de l\u2019av. Catalunya i als carrers adjacents: l&#8217;av. Pi i Margall, el c. Bogatell, el c. de Santa [&hellip;]<\/p>\n","protected":false},"author":2,"featured_media":8576,"comment_status":"closed","ping_status":"open","sticky":false,"template":"","format":"standard","meta":{"footnotes":""},"categories":[134],"tags":[],"class_list":{"0":"post-8575","1":"post","2":"type-post","3":"status-publish","4":"format-standard","5":"has-post-thumbnail","7":"category-actualitat"},"_links":{"self":[{"href":"https:\/\/www.areabesos.com\/diario\/wp-json\/wp\/v2\/posts\/8575","targetHints":{"allow":["GET"]}}],"collection":[{"href":"https:\/\/www.areabesos.com\/diario\/wp-json\/wp\/v2\/posts"}],"about":[{"href":"https:\/\/www.areabesos.com\/diario\/wp-json\/wp\/v2\/types\/post"}],"author":[{"embeddable":true,"href":"https:\/\/www.areabesos.com\/diario\/wp-json\/wp\/v2\/users\/2"}],"replies":[{"embeddable":true,"href":"https:\/\/www.areabesos.com\/diario\/wp-json\/wp\/v2\/comments?post=8575"}],"version-history":[{"count":1,"href":"https:\/\/www.areabesos.com\/diario\/wp-json\/wp\/v2\/posts\/8575\/revisions"}],"predecessor-version":[{"id":8577,"href":"https:\/\/www.areabesos.com\/diario\/wp-json\/wp\/v2\/posts\/8575\/revisions\/8577"}],"wp:featuredmedia":[{"embeddable":true,"href":"https:\/\/www.areabesos.com\/diario\/wp-json\/wp\/v2\/media\/8576"}],"wp:attachment":[{"href":"https:\/\/www.areabesos.com\/diario\/wp-json\/wp\/v2\/media?parent=8575"}],"wp:term":[{"taxonomy":"category","embeddable":true,"href":"https:\/\/www.areabesos.com\/diario\/wp-json\/wp\/v2\/categories?post=8575"},{"taxonomy":"post_tag","embeddable":true,"href":"https:\/\/www.areabesos.com\/diario\/wp-json\/wp\/v2\/tags?post=8575"}],"curies":[{"name":"wp","href":"https:\/\/api.w.org\/{rel}","templated":true}]}}