{"id":8567,"date":"2025-05-07T12:36:40","date_gmt":"2025-05-07T10:36:40","guid":{"rendered":"https:\/\/www.areabesos.com\/diario\/?p=8567"},"modified":"2025-05-07T12:36:41","modified_gmt":"2025-05-07T10:36:41","slug":"lluis-comalrena-inaugura-la-segona-part-de-la-seva-exposicio-fotografica-sobre-flors","status":"publish","type":"post","link":"https:\/\/www.areabesos.com\/diario\/lluis-comalrena-inaugura-la-segona-part-de-la-seva-exposicio-fotografica-sobre-flors\/","title":{"rendered":"Llu\u00eds Comalrena inaugura la segona part de la seva exposici\u00f3 fotogr\u00e0fica sobre flors"},"content":{"rendered":"\n<p>Dem\u00e0 a la tarda s\u2019inaugura a la sala d\u2019exposicions Joan Vila i Plana de l\u2019Agrupaci\u00f3 Fotogr\u00e0fica Sant Adri\u00e0 (c. Dr. Barraquer, 6, al costat de l\u2019Ajuntament) l\u2019exposici\u00f3 \u00abTemps de flors 2&#8243;, la segona part de la mostra del fot\u00f2graf Llu\u00eds Comalrena, que fa un any va obrir la seva primera exposici\u00f3 gr\u00e0cies a l&#8217;agrupaci\u00f3, i enguany ens porta la segona part de la mostra de fotografies de flors que ha elaborat durant m\u00e9s de 20 anys. <\/p>\n\n\n\n<p>La mostra s\u2019inaugura dem\u00e0, 8 de maig, a les 19.30 hores i es podr\u00e0 visitar fins el 29 de maig de dilluns a dijous, de 18.30 a 20.30 hores.<\/p>\n","protected":false},"excerpt":{"rendered":"<p>Dem\u00e0 a la tarda s\u2019inaugura a la sala d\u2019exposicions Joan Vila i Plana de l\u2019Agrupaci\u00f3 Fotogr\u00e0fica Sant Adri\u00e0 (c. Dr. Barraquer, 6, al costat de l\u2019Ajuntament) l\u2019exposici\u00f3 \u00abTemps de flors 2&#8243;, la segona part de la mostra del fot\u00f2graf Llu\u00eds Comalrena, que fa un any va obrir la seva primera exposici\u00f3 gr\u00e0cies a l&#8217;agrupaci\u00f3, i [&hellip;]<\/p>\n","protected":false},"author":1,"featured_media":8568,"comment_status":"closed","ping_status":"open","sticky":false,"template":"","format":"standard","meta":{"footnotes":""},"categories":[136],"tags":[],"class_list":{"0":"post-8567","1":"post","2":"type-post","3":"status-publish","4":"format-standard","5":"has-post-thumbnail","7":"category-cultura"},"_links":{"self":[{"href":"https:\/\/www.areabesos.com\/diario\/wp-json\/wp\/v2\/posts\/8567","targetHints":{"allow":["GET"]}}],"collection":[{"href":"https:\/\/www.areabesos.com\/diario\/wp-json\/wp\/v2\/posts"}],"about":[{"href":"https:\/\/www.areabesos.com\/diario\/wp-json\/wp\/v2\/types\/post"}],"author":[{"embeddable":true,"href":"https:\/\/www.areabesos.com\/diario\/wp-json\/wp\/v2\/users\/1"}],"replies":[{"embeddable":true,"href":"https:\/\/www.areabesos.com\/diario\/wp-json\/wp\/v2\/comments?post=8567"}],"version-history":[{"count":1,"href":"https:\/\/www.areabesos.com\/diario\/wp-json\/wp\/v2\/posts\/8567\/revisions"}],"predecessor-version":[{"id":8569,"href":"https:\/\/www.areabesos.com\/diario\/wp-json\/wp\/v2\/posts\/8567\/revisions\/8569"}],"wp:featuredmedia":[{"embeddable":true,"href":"https:\/\/www.areabesos.com\/diario\/wp-json\/wp\/v2\/media\/8568"}],"wp:attachment":[{"href":"https:\/\/www.areabesos.com\/diario\/wp-json\/wp\/v2\/media?parent=8567"}],"wp:term":[{"taxonomy":"category","embeddable":true,"href":"https:\/\/www.areabesos.com\/diario\/wp-json\/wp\/v2\/categories?post=8567"},{"taxonomy":"post_tag","embeddable":true,"href":"https:\/\/www.areabesos.com\/diario\/wp-json\/wp\/v2\/tags?post=8567"}],"curies":[{"name":"wp","href":"https:\/\/api.w.org\/{rel}","templated":true}]}}