{"id":8510,"date":"2025-04-01T10:29:58","date_gmt":"2025-04-01T08:29:58","guid":{"rendered":"https:\/\/www.areabesos.com\/diario\/?p=8510"},"modified":"2025-04-03T10:31:22","modified_gmt":"2025-04-03T08:31:22","slug":"sant-adria-de-besos-acull-una-nova-edicio-del-millor-teatre-emergent-amb-el-festival-mutis","status":"publish","type":"post","link":"https:\/\/www.areabesos.com\/diario\/sant-adria-de-besos-acull-una-nova-edicio-del-millor-teatre-emergent-amb-el-festival-mutis\/","title":{"rendered":"Sant Adri\u00e0 de Bes\u00f2s acull una nova edici\u00f3 del millor teatre emergent amb el Festival MUTIS"},"content":{"rendered":"\n<p class=\" \">Del 28 de mar\u00e7 al 13 d\u2019abril, arriba la 16a edici\u00f3 del Festival MUTIS, un referent del teatre emergent que torna a comptar amb Sant Adri\u00e0 de Bes\u00f2s com a una de les seves seus. Enguany, el Casal de Cultura acollir\u00e0 diverses representacions dins d\u2019un festival que aposta per la projecci\u00f3 de nous talents esc\u00e8nics i la creaci\u00f3 contempor\u00e0nia.<\/p>\n\n\n\n<p>A Sant Adri\u00e0, el p\u00fablic podr\u00e0 gaudir de tres obres destacades:&nbsp;<em>\u00c9l se llama Macbeth<\/em>&nbsp;d&#8217;Antonius Bloc a les 18 h,&nbsp;<em>El azor, el Jay\u00e1n y el Alaz\u00e1n<\/em>&nbsp;de J. I. Franco a les 19:30 h i&nbsp;<em>Leocadio, Genaro, Benicio y Teresa: a la cabeza de Castilla<\/em>&nbsp;de J. I. Franco a les 20h. Un programa que promet emocionar i sorprendre els espectadors amb propostes innovadores i amb gran for\u00e7a esc\u00e8nica.<\/p>\n\n\n\n<p>Sant Adri\u00e0 de Bes\u00f2s reafirma aix\u00ed el seu comprom\u00eds amb la cultura i el suport a les arts esc\u00e8niques emergents, consolidant-se com un punt de trobada per a la creaci\u00f3 teatral contempor\u00e0nia.<\/p>\n","protected":false},"excerpt":{"rendered":"<p>Del 28 de mar\u00e7 al 13 d\u2019abril, arriba la 16a edici\u00f3 del Festival MUTIS, un referent del teatre emergent que torna a comptar amb Sant Adri\u00e0 de Bes\u00f2s com a una de les seves seus. Enguany, el Casal de Cultura acollir\u00e0 diverses representacions dins d\u2019un festival que aposta per la projecci\u00f3 de nous talents esc\u00e8nics [&hellip;]<\/p>\n","protected":false},"author":2,"featured_media":8511,"comment_status":"closed","ping_status":"open","sticky":false,"template":"","format":"standard","meta":{"footnotes":""},"categories":[136],"tags":[],"class_list":{"0":"post-8510","1":"post","2":"type-post","3":"status-publish","4":"format-standard","5":"has-post-thumbnail","7":"category-cultura"},"_links":{"self":[{"href":"https:\/\/www.areabesos.com\/diario\/wp-json\/wp\/v2\/posts\/8510","targetHints":{"allow":["GET"]}}],"collection":[{"href":"https:\/\/www.areabesos.com\/diario\/wp-json\/wp\/v2\/posts"}],"about":[{"href":"https:\/\/www.areabesos.com\/diario\/wp-json\/wp\/v2\/types\/post"}],"author":[{"embeddable":true,"href":"https:\/\/www.areabesos.com\/diario\/wp-json\/wp\/v2\/users\/2"}],"replies":[{"embeddable":true,"href":"https:\/\/www.areabesos.com\/diario\/wp-json\/wp\/v2\/comments?post=8510"}],"version-history":[{"count":1,"href":"https:\/\/www.areabesos.com\/diario\/wp-json\/wp\/v2\/posts\/8510\/revisions"}],"predecessor-version":[{"id":8512,"href":"https:\/\/www.areabesos.com\/diario\/wp-json\/wp\/v2\/posts\/8510\/revisions\/8512"}],"wp:featuredmedia":[{"embeddable":true,"href":"https:\/\/www.areabesos.com\/diario\/wp-json\/wp\/v2\/media\/8511"}],"wp:attachment":[{"href":"https:\/\/www.areabesos.com\/diario\/wp-json\/wp\/v2\/media?parent=8510"}],"wp:term":[{"taxonomy":"category","embeddable":true,"href":"https:\/\/www.areabesos.com\/diario\/wp-json\/wp\/v2\/categories?post=8510"},{"taxonomy":"post_tag","embeddable":true,"href":"https:\/\/www.areabesos.com\/diario\/wp-json\/wp\/v2\/tags?post=8510"}],"curies":[{"name":"wp","href":"https:\/\/api.w.org\/{rel}","templated":true}]}}