{"id":8501,"date":"2025-03-31T13:20:16","date_gmt":"2025-03-31T11:20:16","guid":{"rendered":"https:\/\/www.areabesos.com\/diario\/?p=8501"},"modified":"2025-03-31T13:20:17","modified_gmt":"2025-03-31T11:20:17","slug":"area-besos-339-marc-2025","status":"publish","type":"post","link":"https:\/\/www.areabesos.com\/diario\/area-besos-339-marc-2025\/","title":{"rendered":"\u00c0rea Bes\u00f2s 339 Mar\u00e7 2025"},"content":{"rendered":"\n<p>En el n\u00famero de mar\u00e7 de l&#8217;\u00c0rea Bes\u00f2s destaquem el nou impuls del Govern de la Generallitat de Catalunya al hub audiovisual de les tres xemeneies, aix\u00ed com el reconeixement als voluntaris de Protecci\u00f3 Civil de la ciutat al municipi valenci\u00e0 de Moncada per la seva feina durant la DANA.<\/p>\n\n\n\n<p> <\/p>\n\n\n<a href=\"https:\/\/www.areabesos.com\/diario\/wp-content\/uploads\/2025\/03\/AB0339.pdf\" class=\"pdfemb-viewer\" style=\"\" data-width=\"max\" data-height=\"max\" data-toolbar=\"both\" data-toolbar-fixed=\"on\">AB0339<\/a>","protected":false},"excerpt":{"rendered":"<p>En el n\u00famero de mar\u00e7 de l&#8217;\u00c0rea Bes\u00f2s destaquem el nou impuls del Govern de la Generallitat de Catalunya al hub audiovisual de les tres xemeneies, aix\u00ed com el reconeixement als voluntaris de Protecci\u00f3 Civil de la ciutat al municipi valenci\u00e0 de Moncada per la seva feina durant la DANA.<\/p>\n","protected":false},"author":1,"featured_media":8500,"comment_status":"closed","ping_status":"open","sticky":false,"template":"","format":"standard","meta":{"footnotes":""},"categories":[141],"tags":[],"class_list":{"0":"post-8501","1":"post","2":"type-post","3":"status-publish","4":"format-standard","5":"has-post-thumbnail","7":"category-edicio-impresa"},"_links":{"self":[{"href":"https:\/\/www.areabesos.com\/diario\/wp-json\/wp\/v2\/posts\/8501","targetHints":{"allow":["GET"]}}],"collection":[{"href":"https:\/\/www.areabesos.com\/diario\/wp-json\/wp\/v2\/posts"}],"about":[{"href":"https:\/\/www.areabesos.com\/diario\/wp-json\/wp\/v2\/types\/post"}],"author":[{"embeddable":true,"href":"https:\/\/www.areabesos.com\/diario\/wp-json\/wp\/v2\/users\/1"}],"replies":[{"embeddable":true,"href":"https:\/\/www.areabesos.com\/diario\/wp-json\/wp\/v2\/comments?post=8501"}],"version-history":[{"count":1,"href":"https:\/\/www.areabesos.com\/diario\/wp-json\/wp\/v2\/posts\/8501\/revisions"}],"predecessor-version":[{"id":8502,"href":"https:\/\/www.areabesos.com\/diario\/wp-json\/wp\/v2\/posts\/8501\/revisions\/8502"}],"wp:featuredmedia":[{"embeddable":true,"href":"https:\/\/www.areabesos.com\/diario\/wp-json\/wp\/v2\/media\/8500"}],"wp:attachment":[{"href":"https:\/\/www.areabesos.com\/diario\/wp-json\/wp\/v2\/media?parent=8501"}],"wp:term":[{"taxonomy":"category","embeddable":true,"href":"https:\/\/www.areabesos.com\/diario\/wp-json\/wp\/v2\/categories?post=8501"},{"taxonomy":"post_tag","embeddable":true,"href":"https:\/\/www.areabesos.com\/diario\/wp-json\/wp\/v2\/tags?post=8501"}],"curies":[{"name":"wp","href":"https:\/\/api.w.org\/{rel}","templated":true}]}}