{"id":8493,"date":"2025-03-29T10:35:00","date_gmt":"2025-03-29T09:35:00","guid":{"rendered":"https:\/\/www.areabesos.com\/diario\/?p=8493"},"modified":"2025-03-31T10:42:46","modified_gmt":"2025-03-31T08:42:46","slug":"nou-impuls-del-govern-de-la-generalitat-al-hub-audiovisual-del-catalunya-media-city-a-les-tres-xemeneies","status":"publish","type":"post","link":"https:\/\/www.areabesos.com\/diario\/nou-impuls-del-govern-de-la-generalitat-al-hub-audiovisual-del-catalunya-media-city-a-les-tres-xemeneies\/","title":{"rendered":"Nou impuls del Govern de la Generalitat al hub audiovisual del Catalunya Media City a les Tres Xemeneies"},"content":{"rendered":"\n<p>Nou impuls al Catalunya Media City, el hub audiovisual que s\u2019ubicar\u00e0 a les Tres Xemeneies del Bes\u00f2s. El Departament de la Presid\u00e8ncia, amb el conseller Albert Dalmau al capdavant, ha assumit el lideratge del projecte i ha promogut la firma d\u2019un protocol de col\u00b7laboraci\u00f3 per alinear totes les institucions implicades i coordinar les actuacions que cal tirar endavant per fer-lo realitat.<\/p>\n\n\n\n<p>Alhora, avancen els tr\u00e0mits de la rehabilitaci\u00f3 i ampliaci\u00f3 de la Nau de Turbines i la construcci\u00f3 de dos grans plat\u00f3s nous al Parc Audiovisual de Catalunya (PAC) de Terrassa.&nbsp;Segons els calendaris de treball definits, es preveu que tots dos projectes estiguin acabats i en funcionament a finals de 2028.<\/p>\n\n\n\n<p>S\u00f3n les dues potes d\u2019una aposta de pa\u00eds basada en la col\u00b7laboraci\u00f3 publicoprivada que t\u00e9 per objectiu que Catalunya tingui un centre de refer\u00e8ncia en producci\u00f3, recerca, capacitaci\u00f3 i especialitzaci\u00f3 professional i serveis per als sectors audiovisual, de continguts digitals i del videojoc. Un parc tecnol\u00f2gic i formatiu de nova generaci\u00f3, dotat d\u2019infraestructures i serveis avan\u00e7ats amb vincles en l&#8217;\u00e0mbit local, regional i internacional que t\u00e9 com a referents hubs emblem\u00e0tics internacionals com el de Hilversum, als Pa\u00efsos Baixos, i el MediaCity UK, al Regne Unit.<\/p>\n\n\n\n<p>El Catalunya Media City forma part del Pla Catalunya Lidera, l\u2019estrat\u00e8gia ambiciosa i transversal del Govern que aspira a situar el pa\u00eds entre les regions punteres d&#8217;Europa.<\/p>\n\n\n\n<div><a href=\"https:\/\/www.areabesos.com\/diario\/wp-content\/uploads\/2025\/03\/hubmedia3xem04-1024x681.jpg\" class=\"td-modal-image\"><figure class=\"wp-block-image size-large\"><img loading=\"lazy\" decoding=\"async\" width=\"1024\" height=\"681\" src=\"https:\/\/www.areabesos.com\/diario\/wp-content\/uploads\/2025\/03\/hubmedia3xem04-1024x681.jpg\" alt=\"\" class=\"wp-image-8494\" srcset=\"https:\/\/www.areabesos.com\/diario\/wp-content\/uploads\/2025\/03\/hubmedia3xem04-1024x681.jpg 1024w, https:\/\/www.areabesos.com\/diario\/wp-content\/uploads\/2025\/03\/hubmedia3xem04-300x200.jpg 300w, https:\/\/www.areabesos.com\/diario\/wp-content\/uploads\/2025\/03\/hubmedia3xem04-768x511.jpg 768w, https:\/\/www.areabesos.com\/diario\/wp-content\/uploads\/2025\/03\/hubmedia3xem04-150x100.jpg 150w, https:\/\/www.areabesos.com\/diario\/wp-content\/uploads\/2025\/03\/hubmedia3xem04-696x463.jpg 696w, https:\/\/www.areabesos.com\/diario\/wp-content\/uploads\/2025\/03\/hubmedia3xem04-1068x710.jpg 1068w, https:\/\/www.areabesos.com\/diario\/wp-content\/uploads\/2025\/03\/hubmedia3xem04.jpg 1200w\" sizes=\"auto, (max-width: 1024px) 100vw, 1024px\" \/><\/figure><\/a><\/div>\n\n\n\n<p>A principis de 2021, la Generalitat de Catalunya va engegar el projecte del Catalunya Media City per crear un hub audiovisual i del videojoc al sud d\u2019Europa que contribu\u00eds a la transformaci\u00f3 econ\u00f2mica i cultural del pa\u00eds, connect\u00e9s talent i millor\u00e9s l\u2019oferta de plat\u00f3s al pa\u00eds. Les Tres Xemeneies del Bes\u00f2s es van escollir com a localitzaci\u00f3 id\u00f2nia per implantar-lo, juntament amb el PAC de Terrassa, que ofereix actualment serveis a la producci\u00f3, plat\u00f3s i localitzacions i que s\u2019ampliar\u00e0.<\/p>\n\n\n\n<p>L\u2019\u00e0mbit de les Tres Xemeneies es troba al front mar\u00edtim entre Sant Adri\u00e0 de Bes\u00f2s i Badalona. S\u2019inclou al Pla director urban\u00edstic (PDU) de les Tres Xemeneies aprovat definitivament el mar\u00e7 2023, que designa el Consorci del Bes\u00f2s com a administraci\u00f3 actuant i preveu la transformaci\u00f3 d\u2019unes 32 ha que inclouran el hub audiovisual, un gran parc urb\u00e0 de 10 ha, m\u00e9s de 185.000 m<sup>2<\/sup>&nbsp;d\u2019habitatge \u2013el 40%, protegit\u2013 i uns 100.000 m<sup>2<\/sup>&nbsp;de sostre d\u2019activitat econ\u00f2mica. Uns mesos m\u00e9s tard, la Generalitat va adquirir la titularitat de l\u2019edifici de la Nau de Turbines, de 22.600 m\u00b2, i va iniciar el proc\u00e9s administratiu per poder rehabilitar-lo i convertir-lo en un espai de refer\u00e8ncia en l\u2019\u00e0mbit de la formaci\u00f3, la recerca, la creaci\u00f3 i la innovaci\u00f3.<\/p>\n\n\n\n<p>Per la seva banda, la Corporaci\u00f3 Catalana de Mitjans Audiovisuals (CCMA) vol esdevenir part activa i aportar la seva experi\u00e8ncia i capacitat a la iniciativa. La Corporaci\u00f3 ha estat, des de la seva fundaci\u00f3, un dels principals motors de la ind\u00fastria audiovisual de Catalunya. La seva capacitat de producci\u00f3 i l\u2019aposta per la innovaci\u00f3, la creativitat i l\u2019adaptaci\u00f3 al nou ecosistema digital han estat la base sobre la qual s\u2019ha format un teixit empresarial s\u00f2lid i competitiu al pa\u00eds.<\/p>\n\n\n\n<p><strong>Una comissi\u00f3 mixta de seguiment per fer avan\u00e7ar el Catalunya Media City<\/strong><\/p>\n\n\n\n<p>Des que va n\u00e9ixer, el projecte ha evolucionat i madurat en tots els seus vessants. La Generalitat i l\u2019\u00c0rea Metropolitana de Barcelona han entrat a formar part del propi Consorci del Bes\u00f2s per seguir fent avan\u00e7ar el hub. Aix\u00ed mateix, la Generalitat ha promogut un canvi en la seva participaci\u00f3 en el Consorci per incloure el Departament de la Presid\u00e8ncia amb la voluntat que assoleixi el lideratge i la coordinaci\u00f3 de Catalunya Media City com a projecte transversal del Govern.<\/p>\n\n\n\n<p>Davant d\u2019aquest escenari, el Departament de la Presid\u00e8ncia ha impulsat un protocol de col\u00b7laboraci\u00f3 que ja han firmat la Generalitat, el Consorci del Bes\u00f2s, l\u2019Ajuntament de Terrassa i la Corporaci\u00f3 Catalana de Mitjans Audiovisuals.<\/p>\n\n\n\n<p>El protocol vol garantir les actuacions necess\u00e0ries que facin realitat l\u2019imprescindible i inajornable desenvolupament del Catalunya Media City, com una pe\u00e7a vertebradora de l\u2019\u00e0rea del Bes\u00f2s i del conjunt del pa\u00eds. Segons el text, la Generalitat, a trav\u00e9s de tots els departaments implicats \u2013Presid\u00e8ncia, Cultura, Economia i Finances; Educaci\u00f3 i Formaci\u00f3 Professional; Recerca i Universitats; Territori, Transici\u00f3 Ecol\u00f2gica i Habitatge, i Empresa i Treball\u2013 i la resta d\u2019institucions es comprometen a treballar plegades i adoptar els acords necessaris en tots els \u00e0mbits per a la implementaci\u00f3 i consolidaci\u00f3 del Catalunya Media City.<\/p>\n\n\n\n<p>En aquest marc, es crea una comissi\u00f3 mixta de seguiment del protocol que exercir\u00e0 les funcions de governan\u00e7a, interlocuci\u00f3 institucional i gesti\u00f3 del projecte. La presidir\u00e0 un representant del Departament de la Presid\u00e8ncia i comptar\u00e0 amb tres membres m\u00e9s de la Generalitat, quatre del Consorci del Bes\u00f2s \u2013un dels quals ser\u00e0 de l\u2019Ajuntament de Badalona, un del de Barcelona i un altre del de Sant Adri\u00e0 de Bes\u00f2s\u2013, dos de la CCMA i un de l\u2019Ajuntament de Terrassa.<\/p>\n\n\n\n<p>Paral\u00b7lelament, s\u2019est\u00e0 treballant amb les principals universitats del pa\u00eds i amb el Departament d\u2019Educaci\u00f3 perqu\u00e8 s\u2019integrin en el projecte, hi aportin el seu coneixement i experi\u00e8ncia i se sumin a l\u2019oferta formativa, de recerca i innovaci\u00f3 i de transfer\u00e8ncia del coneixement que hi haur\u00e0 a les Tres Xemeneies.<\/p>\n\n\n\n<p><strong>La Nau de Turbines, el cor que far\u00e0 bategar el Catalunya Media City<\/strong><\/p>\n\n\n\n<p>L\u2019epicentre del Catalunya Media City ser\u00e0 l\u2019edifici de la Nau de Turbines de les Tres Xemeneies. Combinar\u00e0 un espai per a la formaci\u00f3 i un centre cultural i d\u2019exhibici\u00f3 que faci difusi\u00f3 de les darreres tend\u00e8ncies audiovisuals i digitals, i ser\u00e0 un referent d\u2019excel\u00b7l\u00e8ncia per a la recerca i la innovaci\u00f3.<\/p>\n\n\n\n<p>El projecte de la Nau de Turbines neix en un moment en el qual totes les disciplines del coneixement s\u2019hibriden i s\u2019interconnecten i l\u2019audiovisual ocupa un lloc central a les vides de la gent. Molts d\u2019aquests llenguatges tot just comencen a caminar ara i dominaran la cultura popular els propers segles. El Catalunya Media City, a trav\u00e9s d\u2019aquesta nau, refor\u00e7ar\u00e0 el paper central de Catalunya al centre d\u2019aquest panorama, donar\u00e0 veu i projectar\u00e0 al futur la cultura catalana i els seus creadors i contribuir\u00e0 a l\u2019aven\u00e7 tecnol\u00f2gic, cultural i social de l\u2019audiovisual.<\/p>\n\n\n\n<p>L\u2019any passat, la Generalitat va convocar un concurs arquitect\u00f2nic per al projecte d\u2019adequaci\u00f3 i ampliaci\u00f3 de la nau. S\u2019hi van presentar 26 avantprojectes, dels quals cinc van passar a la segona volta. Ara, ja s\u2019ha adjudicat la redacci\u00f3 del projecte a la UTE Garc\u00e9s De Seta Bonet arquitectes SLP + Marvel Architects, Landscape Architects, Urban Designers PLLC. La seva proposta t\u00e8cnica,&nbsp;<em>E la nave va<\/em>, ha obtingut la millor valoraci\u00f3 amb 95,41 punts, i planteja respectar els trets patrimonials fonamentals de l\u2019edifici i posar-los en valor amb el desplegament dels usos funcionals.<\/p>\n\n\n\n<div><a href=\"https:\/\/www.areabesos.com\/diario\/wp-content\/uploads\/2025\/03\/hubmedia3xem02-1024x847.jpeg\" class=\"td-modal-image\"><figure class=\"wp-block-image size-large\"><img loading=\"lazy\" decoding=\"async\" width=\"1024\" height=\"847\" src=\"https:\/\/www.areabesos.com\/diario\/wp-content\/uploads\/2025\/03\/hubmedia3xem02-1024x847.jpeg\" alt=\"\" class=\"wp-image-8495\" srcset=\"https:\/\/www.areabesos.com\/diario\/wp-content\/uploads\/2025\/03\/hubmedia3xem02-1024x847.jpeg 1024w, https:\/\/www.areabesos.com\/diario\/wp-content\/uploads\/2025\/03\/hubmedia3xem02-300x248.jpeg 300w, https:\/\/www.areabesos.com\/diario\/wp-content\/uploads\/2025\/03\/hubmedia3xem02-768x636.jpeg 768w, https:\/\/www.areabesos.com\/diario\/wp-content\/uploads\/2025\/03\/hubmedia3xem02-150x124.jpeg 150w, https:\/\/www.areabesos.com\/diario\/wp-content\/uploads\/2025\/03\/hubmedia3xem02-696x576.jpeg 696w, https:\/\/www.areabesos.com\/diario\/wp-content\/uploads\/2025\/03\/hubmedia3xem02-1068x884.jpeg 1068w, https:\/\/www.areabesos.com\/diario\/wp-content\/uploads\/2025\/03\/hubmedia3xem02.jpeg 1200w\" sizes=\"auto, (max-width: 1024px) 100vw, 1024px\" \/><figcaption class=\"wp-element-caption\">Foto cedida: Gencat.cat<\/figcaption><\/figure><\/a><\/div>\n\n\n\n<p>La proposta mant\u00e9 l\u2019estructura caracter\u00edstica de la nau existent per potenciar el seu valor patrimonial industrial i encabir-hi els usos futurs. A m\u00e9s, es projecta una nova edificaci\u00f3 que prolonga i completa la nau. El nou cos cont\u00e9 el vest\u00edbul d&#8217;entrada, que, gr\u00e0cies a una gran escala mec\u00e0nica, connecta la pla\u00e7a exterior amb el nivell de la sala com una continuaci\u00f3 de l&#8217;espai p\u00fablic, oferint tamb\u00e9 un balc\u00f3 cap a Barcelona.<\/p>\n\n\n\n<p>A l\u2019interior de la Nau de Turbines, les aules i els espais es delimiten per envans de vidre i panells d\u2019alumini ondulat de configuraci\u00f3 flexible que es distribueixen al voltant dels grans buits verticals, antigament ocupats per les turbines i ara enva\u00efts per una vegetaci\u00f3 exuberant. Els espais oberts entre les aules esdevenen llocs de trobada per a l\u2019oci i l\u2019intercanvi. La fa\u00e7ana nord de la nau s\u2019obre per acollir un balc\u00f3 al litoral de Badalona. I la coberta ser\u00e0 verda, parcialment accessible al p\u00fablic i donar\u00e0 un protagonisme destacat a la generaci\u00f3 d\u2019energia renovable, amb 4.500 m2 de panells solars.<\/p>\n\n\n\n<p>Quant a l\u2019encaix de l\u2019edifici amb l\u2019entorn, al costat mar s\u2019afegeix un volum baix que actua com a duna artificial i com a contenidor d\u2019espais t\u00e8cnics del hub, generant un espai resguardat del vent i un passeig p\u00fablic elevat que potencia l\u2019eix Barcelona-Badalona. Tres grans talls transversals en aquest volum afavoreixen la connexi\u00f3 p\u00fablica amb el mar i la vegetaci\u00f3, resolen l&#8217;acc\u00e9s a l&#8217;edifici, canalitzen la brisa marina cap a l\u2019interior de la nau i faciliten la ventilaci\u00f3 creuada.<\/p>\n\n\n\n<p>El paviment exterior de l\u2019espai d\u2019aproximaci\u00f3 a l\u2019edifici ser\u00e0 permeable i crear\u00e0 una transici\u00f3 natural entre el terreny, la sorra de l\u2019entorn i el paviment urb\u00e0. L\u2019espai entre les dues edificacions es concep com un carrer log\u00edstic que confereix categoria de ciutat al conjunt i facilita el funcionament t\u00e8cnic de l\u2019edifici, amb murs de blocs de terra compactada, com una duna artificial coronada per vegetaci\u00f3 aut\u00f2ctona.<\/p>\n\n\n\n<p>El programa funcional de la Nau de Turbines inclou:<\/p>\n\n\n\n<p>-Proposta formativa. Hi haur\u00e0 una oferta de formaci\u00f3 professional i altres ensenyaments dependents del Departament d\u2019Educaci\u00f3, estudis universitaris dependents del Departament d\u2019Universitats i Recerca i formaci\u00f3 no reglada. En total, es preveu donar servei a una mitjana d\u2019entre 2.000 i 2.500 alumnes cada any. Concretament, l\u2019espai de formaci\u00f3 professional es configurar\u00e0 com un centre de formaci\u00f3 integrada que oferir\u00e0 diversos cicles mitjos i superiors, aix\u00ed com de formaci\u00f3 cont\u00ednua, i utilitzar\u00e0 puntualment els espais compartits i del centre de recursos. Quant a l\u2019espai de formaci\u00f3 universit\u00e0ria especialitzada en audiovisual i digital, ser\u00e0 de diferents nivells (grau, m\u00e0ster i doctorat), de car\u00e0cter eminentment pr\u00e0ctic i d\u2019\u00fas d\u2019equipaments t\u00e8cnics i inform\u00e0tics. Tamb\u00e9 utilitzar\u00e0 els espais compartits i puntualment els del centre de recursos, aix\u00ed com els d\u2019innovaci\u00f3.<\/p>\n\n\n\n<p>-Innovaci\u00f3, creativitat, tecnologia i empresa.&nbsp;S\u2019activaran programes propis de resid\u00e8ncia, de recerca i de suport empresarial. Tamb\u00e9 es participar\u00e0 en programes aliens, allotjant-los a l\u2019ecosistema propi de la Nau de Turbines o aportant recursos i infraestructures puntualment per al seu desenvolupament. Tot, amb la col\u00b7laboraci\u00f3 de les universitats catalanes i el sector empresarial. Aix\u00ed, hi haur\u00e0 un centre de suport a la creaci\u00f3 on s\u2019acompanyaran projectes art\u00edstics en les seves fases inicials; resid\u00e8ncies art\u00edstiques per al foment de la cultura digital; foment de col\u00b7lectius infrarepresentats a l\u2019audiovisual i el videojoc; suport a la producci\u00f3 de curtmetratges, documentals, audiovisual experimental, transm\u00e8dia, realitat virtual i altres formats innovadors, i s\u2019acollir\u00e0 associacions i col\u00b7lectius vinculats al foment de la creativitat en els \u00e0mbits audiovisual i digital. Alhora, es comptar\u00e0 amb un centre de recerca punter en audiovisual i cultura digital que sumar\u00e0 el potencial de centres tecnol\u00f2gics, universitats i altres institucions i establir\u00e0 connexions a nivell internacional. Tamb\u00e9 hi haur\u00e0 espais de preincubaci\u00f3, incubaci\u00f3 i acceleraci\u00f3 de projectes empresarials, des de&nbsp;<em>desks<\/em>&nbsp;unipersonals i un&nbsp;<em>coworking<\/em>&nbsp;fins a despatxos i laboratoris perqu\u00e8 els emprenedors audiovisuals i digitals trobin el seu lloc per cr\u00e9ixer. Alhora, s\u2019hi establiran iniciatives d\u2019R+D empresarial en qu\u00e8 s\u2019afavorir\u00e0 el desenvolupament de prototips, testeig de productes, experi\u00e8ncia d\u2019usuari, etc.<\/p>\n\n\n\n<p>-Espai d\u2019experi\u00e8ncia i exhibici\u00f3.La sala noble, a la tercera planta, \u00e9s un espai di\u00e0fan de 5.600 m<sup>2<\/sup>&nbsp;i una al\u00e7ada lliure de 17 m que ofereix una gran oportunitat i un entorn espectacular per mostrar les noves formes d\u2019expressi\u00f3 del m\u00f3n digital i de l\u2019audiovisual. La proposta guanyadora del concurs planteja la sala com un espai \u00fanic amb un aforament de fins a 4.000 persones que tamb\u00e9 es pot subdividir en sales m\u00e9s petites per fer-hi esdeveniments de mida redu\u00efda o simultanis. S\u2019hi acolliran projeccions immersives,&nbsp;<em>e-sports<\/em>&nbsp;i les formes m\u00e9s avan\u00e7ades d\u2019hibridaci\u00f3 entre art i tecnologia. A m\u00e9s de la sala noble, hi haur\u00e0 un auditori i diversos laboratoris on gaudir d\u2019experi\u00e8ncies vinculades amb l\u2019audiovisual i la cultura digital.<\/p>\n\n\n\n<div><a href=\"https:\/\/www.areabesos.com\/diario\/wp-content\/uploads\/2025\/03\/hubmedia3xem03.jpeg\" class=\"td-modal-image\"><figure class=\"wp-block-image size-full\"><img loading=\"lazy\" decoding=\"async\" width=\"867\" height=\"1001\" src=\"https:\/\/www.areabesos.com\/diario\/wp-content\/uploads\/2025\/03\/hubmedia3xem03.jpeg\" alt=\"\" class=\"wp-image-8496\" srcset=\"https:\/\/www.areabesos.com\/diario\/wp-content\/uploads\/2025\/03\/hubmedia3xem03.jpeg 867w, https:\/\/www.areabesos.com\/diario\/wp-content\/uploads\/2025\/03\/hubmedia3xem03-260x300.jpeg 260w, https:\/\/www.areabesos.com\/diario\/wp-content\/uploads\/2025\/03\/hubmedia3xem03-768x887.jpeg 768w, https:\/\/www.areabesos.com\/diario\/wp-content\/uploads\/2025\/03\/hubmedia3xem03-150x173.jpeg 150w, https:\/\/www.areabesos.com\/diario\/wp-content\/uploads\/2025\/03\/hubmedia3xem03-300x346.jpeg 300w, https:\/\/www.areabesos.com\/diario\/wp-content\/uploads\/2025\/03\/hubmedia3xem03-696x804.jpeg 696w\" sizes=\"auto, (max-width: 867px) 100vw, 867px\" \/><figcaption class=\"wp-element-caption\">Foto cedida: Gencat.cat<\/figcaption><\/figure><\/a><\/div>\n\n\n\n<p>-Centre de recursos.&nbsp;La Nau de Turbines oferir\u00e0 recursos, espais tecnificats i infraestructures a la comunitat audiovisual i digital del Catalunya Media City que complementaran les diferents propostes formatives i, a la vegada, donar\u00e0 servei a tot el sistema d\u2019innovaci\u00f3 present a l\u2019edifici. A m\u00e9s, es pret\u00e9n que aquesta infraestructura m\u00e9s t\u00e8cnica tamb\u00e9 pugui ser utilitzada amb finalitats m\u00e9s productives mitjan\u00e7ant la gesti\u00f3 i disposici\u00f3 dels espais. Es disposar\u00e0 d\u2019un auditori-sala d\u2019actes d\u2019uns 500 m<sup>2<\/sup>&nbsp;amb capacitat per a unes 250 persones, una sala immersiva d\u2019uns 400 m<sup>2<\/sup>&nbsp;i 8 m d\u2019al\u00e7ada lliure, un plat\u00f3 d\u2019uns 400 m<sup>2<\/sup>&nbsp;i 8 m d\u2019al\u00e7ada lliure, dos plat\u00f3s m\u00e9s petits d\u2019uns 200 m<sup>2<\/sup>&nbsp;i 6 m d\u2019al\u00e7ada lliure, un laboratori d\u2019uns 250 m<sup>2&nbsp;<\/sup>i 5 m d\u2019al\u00e7ada lliure, dos estudis de gravaci\u00f3, una sala de mescles, una sala de color, sales de muntatge, sales polivalents di\u00e0fanes d\u2019entre 50 i 250 m<sup>2<\/sup>, dos laboratoris UX, un taller, un laboratori de fabricaci\u00f3, una biblioteca de 1.500 m<sup>2<\/sup>&nbsp;i sales de reunions.<\/p>\n\n\n\n<p>Ara, un cop adjudicada la redacci\u00f3 del projecte arquitect\u00f2nic, comen\u00e7a el proc\u00e9s d\u2019elaboraci\u00f3 del document. Un cop enllestit, es licitaran les obres per tal que despr\u00e9s de l\u2019estiu de 2026 es pugui iniciar la rehabilitaci\u00f3 de la Nau de Turbines.&nbsp;La previsi\u00f3 \u00e9s que estigui finalitzada a finals de 2028, i la inversi\u00f3 total ser\u00e0 d\u2019uns 70,8 milions d\u2019euros.<\/p>\n\n\n\n<p><strong>Avan\u00e7a l\u2019ampliaci\u00f3 del Parc Audiovisual de Catalunya, a Terrassa<\/strong><\/p>\n\n\n\n<p>L\u2019altre eix del Catalunya Media City, el Parc Audiovisual de Catalunya ubicat a Terrassa, porta vint anys oferint serveis a la producci\u00f3 i instal\u00b7lacions al sector audiovisual per refor\u00e7ar el teixit industrial i generar una activitat que beneficia la ciutat i el conjunt del pa\u00eds. Actualment, compta amb quatre plat\u00f3s, diverses localitzacions, serveis auxiliars a la producci\u00f3, magatzems, jardins i zones de descans, entre altres.<\/p>\n\n\n\n<p><strong>El sector de les Tres Xemeneies segueix avan\u00e7ant<\/strong><\/p>\n\n\n\n<p>A m\u00e9s de l\u2019impuls al Catalunya Media City, el sector de les Tres Xemeneies segueix avan\u00e7ant en la redacci\u00f3 dels projectes d\u2019urbanitzaci\u00f3, que inclouen la generaci\u00f3 del nou parc de 10 hect\u00e0rees, de dos passos elevats que connectaran la ciutat i un nou barri superant la via del tren.<\/p>\n\n\n\n<p>La redacci\u00f3 del projecte d\u2019urbanitzaci\u00f3 dels carrers ha estat adjudicada recentment, amb un termini d\u2019elaboraci\u00f3 de dotze mesos atesa la complexitat del conjunt del sector. A tall d\u2019exemple, dins del sector hi ha una subestaci\u00f3 el\u00e8ctrica en funcionament, o el col\u00b7lector de Llevant, que hauran de ser traslladats. Un cop es disposi del projecte, la previsi\u00f3 \u00e9s que s\u2019estigui en disposici\u00f3 de comen\u00e7ar les obres d\u2019urbanitzaci\u00f3 el primer semestre de 2027.<\/p>\n\n\n\n<p>La urbanitzaci\u00f3 que acollir\u00e0 el Catalunya Media City donar\u00e0 resposta als reptes d\u2019adaptaci\u00f3 al canvi clim\u00e0tic, amb un urbanisme m\u00e9s resilient. Un jurat format per experts determinar\u00e0 la proposta de nou parc en funci\u00f3 d\u2019aquests criteris. Tamb\u00e9, en la l\u00ednia de fer d\u2019aquest projecte un exemple de transformaci\u00f3 participada del territori, s\u2019ha previst un proc\u00e9s d\u2019escolta i cocreaci\u00f3 en el qual hi participaran t\u00e8cnics, ciutadania i universitats per definir els usos de determinades \u00e0rees de l\u2019enorme espai p\u00fablic que inclour\u00e0 el desenvolupament del projecte. Conceptualment, el parc que sortir\u00e0 d\u2019aquesta proposta voldr\u00e0 ser part de la renaturalitzaci\u00f3 de la costa litoral i de la desembocadura del riu.<\/p>\n","protected":false},"excerpt":{"rendered":"<p>Nou impuls al Catalunya Media City, el hub audiovisual que s\u2019ubicar\u00e0 a les Tres Xemeneies del Bes\u00f2s. El Departament de la Presid\u00e8ncia, amb el conseller Albert Dalmau al capdavant, ha assumit el lideratge del projecte i ha promogut la firma d\u2019un protocol de col\u00b7laboraci\u00f3 per alinear totes les institucions implicades i coordinar les actuacions que [&hellip;]<\/p>\n","protected":false},"author":2,"featured_media":8497,"comment_status":"closed","ping_status":"open","sticky":false,"template":"","format":"standard","meta":{"footnotes":""},"categories":[134,136],"tags":[],"class_list":{"0":"post-8493","1":"post","2":"type-post","3":"status-publish","4":"format-standard","5":"has-post-thumbnail","7":"category-actualitat","8":"category-cultura"},"_links":{"self":[{"href":"https:\/\/www.areabesos.com\/diario\/wp-json\/wp\/v2\/posts\/8493","targetHints":{"allow":["GET"]}}],"collection":[{"href":"https:\/\/www.areabesos.com\/diario\/wp-json\/wp\/v2\/posts"}],"about":[{"href":"https:\/\/www.areabesos.com\/diario\/wp-json\/wp\/v2\/types\/post"}],"author":[{"embeddable":true,"href":"https:\/\/www.areabesos.com\/diario\/wp-json\/wp\/v2\/users\/2"}],"replies":[{"embeddable":true,"href":"https:\/\/www.areabesos.com\/diario\/wp-json\/wp\/v2\/comments?post=8493"}],"version-history":[{"count":1,"href":"https:\/\/www.areabesos.com\/diario\/wp-json\/wp\/v2\/posts\/8493\/revisions"}],"predecessor-version":[{"id":8498,"href":"https:\/\/www.areabesos.com\/diario\/wp-json\/wp\/v2\/posts\/8493\/revisions\/8498"}],"wp:featuredmedia":[{"embeddable":true,"href":"https:\/\/www.areabesos.com\/diario\/wp-json\/wp\/v2\/media\/8497"}],"wp:attachment":[{"href":"https:\/\/www.areabesos.com\/diario\/wp-json\/wp\/v2\/media?parent=8493"}],"wp:term":[{"taxonomy":"category","embeddable":true,"href":"https:\/\/www.areabesos.com\/diario\/wp-json\/wp\/v2\/categories?post=8493"},{"taxonomy":"post_tag","embeddable":true,"href":"https:\/\/www.areabesos.com\/diario\/wp-json\/wp\/v2\/tags?post=8493"}],"curies":[{"name":"wp","href":"https:\/\/api.w.org\/{rel}","templated":true}]}}