{"id":8485,"date":"2025-03-25T13:08:26","date_gmt":"2025-03-25T12:08:26","guid":{"rendered":"https:\/\/www.areabesos.com\/diario\/?p=8485"},"modified":"2025-03-25T13:08:26","modified_gmt":"2025-03-25T12:08:26","slug":"nova-edicio-de-les-jornades-solidaries-2025","status":"publish","type":"post","link":"https:\/\/www.areabesos.com\/diario\/nova-edicio-de-les-jornades-solidaries-2025\/","title":{"rendered":"Nova edici\u00f3 de les Jornades Solid\u00e0ries 2025"},"content":{"rendered":"\n<p>Sant Adri\u00e0 celebra del 5 al 30 d\u2019abril les XXVIII Jornades Solid\u00e0ries amb la intenci\u00f3 de donar a con\u00e8ixer diferents aspectes de la solidaritat i la cooperaci\u00f3. Els actes comen\u00e7aran el proper 1 d&#8217;abril amb l\u2019exposici\u00f3 \u00abDones disruptives\u00bb, que es podr\u00e0 visitar fins el 30 d\u2019abril al Casal Dalt de la Vila (Pla\u00e7a de l\u2019Esgl\u00e9sia, 13). Una mostra d&#8217;arpilleres en col\u00b7laboraci\u00f3 amb la Fundaci\u00f3 Ateneu Sant Roc que ens d\u00f3na a con\u00e9ixer dones com la Rosa Parks, la Frederica Montseny o la Marie Curie, per\u00f2 tamb\u00e9 dones an\u00f2nimes que al llarg de la hist\u00f2ria es van atrevis a trencar motlles. a enfrontar-se al seu entorn per aconseguir canviar el que consideraven injust i aix\u00ed assolir uns drets a partir d&#8217;aquell moment.  <\/p>\n\n\n\n<p>El dijous, 3 d&#8217;abril, a les 18.30 hores al mateix Casal Dalt de la Vila, les entitats de cooperaci\u00f3 de Sant Adri\u00e0 presentaran els seus projectes de cooperaci\u00f3 internacional. Hi participaran el Casal dels Infants, la Comunitat Sant&#8217;Egidi, Fundaci\u00f3 Pau i Solidaritat, CCOO Catalunya, Yalah, Solidaris amb el Poble Sahrau\u00ed, Grup de Solidaritat \u00c9s l&#8217;hora!, i l&#8217;Associaci\u00f3 Uni\u00f3 pel Desenvolupament de la Comunitat de Paroumba (UDCP).<\/p>\n\n\n\n<p>El dimarts, 8 d&#8217;abril, es dur\u00e0 a terme a partir de les 18 hores una xerrada testimonial sobre la situaci\u00f3 actual de la dona a l&#8217;Afganistan dins del cicle Activismes feministes contra les viol\u00e8ncies masclistes, al Casal Dalt de la Vila. Hi tindrem el testimoni de la Nadia Ghulam, membre de l&#8217;Associaci\u00f3 Ponts per la Pau. <\/p>\n\n\n\n<p>Les jornades, despr\u00e9s d&#8217;un Sant Jordi molt solidari amb les parades de les entitats de cooperaci\u00f3 als carrers de la ciutat, conclouran el dimarts, 29 d&#8217;abril, a les 18 hores, amb l&#8217;espai Dones Viatgeres, amb la hist\u00f2ria de la H. Netebrinaa.<\/p>\n\n\n\n<p>Destacar tamb\u00e9 la Fira d\u2019entitats de solidaritat i cooperaci\u00f3 que tindr\u00e0 lloc el dissabte 5 d\u2019abril de 10 a 14 hores a la pla\u00e7a de la Vila amb activitats diverses, degustaci\u00f3 de caf\u00e9 de comer\u00e7 just Caf\u00e9 Sant Adri\u00e0, espectacles i un concurs de dibuix de comer\u00e7 just.<\/p>\n","protected":false},"excerpt":{"rendered":"<p>Sant Adri\u00e0 celebra del 5 al 30 d\u2019abril les XXVIII Jornades Solid\u00e0ries amb la intenci\u00f3 de donar a con\u00e8ixer diferents aspectes de la solidaritat i la cooperaci\u00f3. Els actes comen\u00e7aran el proper 1 d&#8217;abril amb l\u2019exposici\u00f3 \u00abDones disruptives\u00bb, que es podr\u00e0 visitar fins el 30 d\u2019abril al Casal Dalt de la Vila (Pla\u00e7a de l\u2019Esgl\u00e9sia, [&hellip;]<\/p>\n","protected":false},"author":2,"featured_media":8486,"comment_status":"closed","ping_status":"open","sticky":false,"template":"","format":"standard","meta":{"footnotes":""},"categories":[135],"tags":[],"class_list":{"0":"post-8485","1":"post","2":"type-post","3":"status-publish","4":"format-standard","5":"has-post-thumbnail","7":"category-societat"},"_links":{"self":[{"href":"https:\/\/www.areabesos.com\/diario\/wp-json\/wp\/v2\/posts\/8485","targetHints":{"allow":["GET"]}}],"collection":[{"href":"https:\/\/www.areabesos.com\/diario\/wp-json\/wp\/v2\/posts"}],"about":[{"href":"https:\/\/www.areabesos.com\/diario\/wp-json\/wp\/v2\/types\/post"}],"author":[{"embeddable":true,"href":"https:\/\/www.areabesos.com\/diario\/wp-json\/wp\/v2\/users\/2"}],"replies":[{"embeddable":true,"href":"https:\/\/www.areabesos.com\/diario\/wp-json\/wp\/v2\/comments?post=8485"}],"version-history":[{"count":1,"href":"https:\/\/www.areabesos.com\/diario\/wp-json\/wp\/v2\/posts\/8485\/revisions"}],"predecessor-version":[{"id":8487,"href":"https:\/\/www.areabesos.com\/diario\/wp-json\/wp\/v2\/posts\/8485\/revisions\/8487"}],"wp:featuredmedia":[{"embeddable":true,"href":"https:\/\/www.areabesos.com\/diario\/wp-json\/wp\/v2\/media\/8486"}],"wp:attachment":[{"href":"https:\/\/www.areabesos.com\/diario\/wp-json\/wp\/v2\/media?parent=8485"}],"wp:term":[{"taxonomy":"category","embeddable":true,"href":"https:\/\/www.areabesos.com\/diario\/wp-json\/wp\/v2\/categories?post=8485"},{"taxonomy":"post_tag","embeddable":true,"href":"https:\/\/www.areabesos.com\/diario\/wp-json\/wp\/v2\/tags?post=8485"}],"curies":[{"name":"wp","href":"https:\/\/api.w.org\/{rel}","templated":true}]}}