{"id":8482,"date":"2025-03-25T12:22:59","date_gmt":"2025-03-25T11:22:59","guid":{"rendered":"https:\/\/www.areabesos.com\/diario\/?p=8482"},"modified":"2025-03-25T12:22:59","modified_gmt":"2025-03-25T11:22:59","slug":"el-sai-amplia-lhorari-datencio-al-public","status":"publish","type":"post","link":"https:\/\/www.areabesos.com\/diario\/el-sai-amplia-lhorari-datencio-al-public\/","title":{"rendered":"El SAI amplia l\u2019horari d\u2019atenci\u00f3 al p\u00fablic"},"content":{"rendered":"\n<p>El Servei d&#8217;Atenci\u00f3 Integral LGBTI (SAI) ha ampliat el seu horari a tots els matins de dilluns a divendres i a les tardes de dimarts, dimecres i dijous. El servei es donar\u00e0 al CIOD, al Polidor i al Centre Cultural Bes\u00f2s en diferents dies i franges hor\u00e0ries.<\/p>\n\n\n\n<p>El SAI&nbsp;<strong><\/strong>\u00e9s&nbsp;un servei professional gratu\u00eft i confidencial, de lliure acc\u00e9s. Est\u00e0 obert&nbsp;a&nbsp;persones de totes les edats, formin part del col\u00b7lectiu LGBTI+ o no, aix\u00ed com a professionals, entitats, centres educatius, etc.<\/p>\n\n\n\n<p><strong>El SAI persegueix&nbsp;<\/strong><strong>sensibilitzar envers la diversitat sexual, afectiva i de g\u00e8nere<\/strong>, i&nbsp;<strong>prevenir la LGBTIf\u00f2bia&nbsp;<\/strong>mitjan\u00e7ant la promoci\u00f3 d\u2019&nbsp;activitats comunit\u00e0ries per a&nbsp;tota la&nbsp;poblaci\u00f3. Aix\u00ed mateix, tamb\u00e9&nbsp;ofereix&nbsp;<strong>atenci\u00f3 i assessorament&nbsp;<\/strong>sobre un ampli espectre de situacions relacionades amb la diversitat sexual, afectiva i de g\u00e8nere. Per exemple, informa sobre els&nbsp;<strong>drets&nbsp;<\/strong>i&nbsp;<strong>recursos disponibles&nbsp;<\/strong>per a les persones del col\u00b7lectiu LGBTI+&nbsp;i&nbsp;<strong>acompanya&nbsp;<\/strong>en casos de&nbsp;<strong>discriminaci\u00f3&nbsp;<\/strong>o&nbsp;<strong>viol\u00e8ncia LGBTIf\u00f2bica.<\/strong><\/p>\n\n\n\n<h3 class=\"wp-block-heading\"><strong>Informaci\u00f3<\/strong><\/h3>\n\n\n\n<p>I recordeu que si voleu consultar sobre la diversitat sexual, afectiva i de g\u00e8nere, us podeu dirigir al SAI LGBTI:<\/p>\n\n\n\n<p>sai@sant-adria.net<\/p>\n\n\n\n<p>tel:<strong>603465151<\/strong><\/p>\n\n\n\n<p>IG:<strong>@sai_santadria<\/strong><\/p>\n\n\n\n<p><strong>934621121 (CIOD) \/ 934627446 (Polidor)<\/strong><\/p>\n","protected":false},"excerpt":{"rendered":"<p>El Servei d&#8217;Atenci\u00f3 Integral LGBTI (SAI) ha ampliat el seu horari a tots els matins de dilluns a divendres i a les tardes de dimarts, dimecres i dijous. El servei es donar\u00e0 al CIOD, al Polidor i al Centre Cultural Bes\u00f2s en diferents dies i franges hor\u00e0ries. El SAI&nbsp;\u00e9s&nbsp;un servei professional gratu\u00eft i confidencial, de [&hellip;]<\/p>\n","protected":false},"author":2,"featured_media":8483,"comment_status":"closed","ping_status":"open","sticky":false,"template":"","format":"standard","meta":{"footnotes":""},"categories":[135],"tags":[],"class_list":{"0":"post-8482","1":"post","2":"type-post","3":"status-publish","4":"format-standard","5":"has-post-thumbnail","7":"category-societat"},"_links":{"self":[{"href":"https:\/\/www.areabesos.com\/diario\/wp-json\/wp\/v2\/posts\/8482","targetHints":{"allow":["GET"]}}],"collection":[{"href":"https:\/\/www.areabesos.com\/diario\/wp-json\/wp\/v2\/posts"}],"about":[{"href":"https:\/\/www.areabesos.com\/diario\/wp-json\/wp\/v2\/types\/post"}],"author":[{"embeddable":true,"href":"https:\/\/www.areabesos.com\/diario\/wp-json\/wp\/v2\/users\/2"}],"replies":[{"embeddable":true,"href":"https:\/\/www.areabesos.com\/diario\/wp-json\/wp\/v2\/comments?post=8482"}],"version-history":[{"count":1,"href":"https:\/\/www.areabesos.com\/diario\/wp-json\/wp\/v2\/posts\/8482\/revisions"}],"predecessor-version":[{"id":8484,"href":"https:\/\/www.areabesos.com\/diario\/wp-json\/wp\/v2\/posts\/8482\/revisions\/8484"}],"wp:featuredmedia":[{"embeddable":true,"href":"https:\/\/www.areabesos.com\/diario\/wp-json\/wp\/v2\/media\/8483"}],"wp:attachment":[{"href":"https:\/\/www.areabesos.com\/diario\/wp-json\/wp\/v2\/media?parent=8482"}],"wp:term":[{"taxonomy":"category","embeddable":true,"href":"https:\/\/www.areabesos.com\/diario\/wp-json\/wp\/v2\/categories?post=8482"},{"taxonomy":"post_tag","embeddable":true,"href":"https:\/\/www.areabesos.com\/diario\/wp-json\/wp\/v2\/tags?post=8482"}],"curies":[{"name":"wp","href":"https:\/\/api.w.org\/{rel}","templated":true}]}}