{"id":8480,"date":"2025-03-24T11:06:28","date_gmt":"2025-03-24T10:06:28","guid":{"rendered":"https:\/\/www.areabesos.com\/diario\/?p=8480"},"modified":"2025-03-24T11:06:29","modified_gmt":"2025-03-24T10:06:29","slug":"exit-de-propostes-durant-la-primera-edicio-dels-pressupostos-participatius","status":"publish","type":"post","link":"https:\/\/www.areabesos.com\/diario\/exit-de-propostes-durant-la-primera-edicio-dels-pressupostos-participatius\/","title":{"rendered":"\u00c8xit de propostes durant la primera edici\u00f3 dels Pressupostos Participatius"},"content":{"rendered":"\n<p>Durant&nbsp;el mes de febrer es van presentar un total de 64 propostes a la primera edici\u00f3 de pressupostos participatius.<\/p>\n\n\n\n<p>Aquest mes de mar\u00e7, l\u2019equip de Participaci\u00f3 Ciutadana ha fet un primer filtratge de les propostes, analitzant que totes complissin els criteris b\u00e0sics inclosos a les bases&nbsp;i fent una primera distribuci\u00f3 dels \u00e0mbits d\u2019actuaci\u00f3:<\/p>\n\n\n\n<ul class=\"wp-block-list\">\n<li>\u00c0rea d\u2019Activitats Ciutadanes: Esports, Cultura i Inf\u00e0ncia i Joventut.<\/li>\n\n\n\n<li>\u00c0rea de Territori: Medi Ambient i Benestar Animal, Via P\u00fablica i Mobilitat<\/li>\n\n\n\n<li>\u00c0rea d\u2019Alcaldia: Participaci\u00f3 Ciutadana i Comunicaci\u00f3.<\/li>\n\n\n\n<li>\u00c0rea de Serveis Socials: Drets Socials<\/li>\n\n\n\n<li>\u00c0rea d\u2019Espais P\u00fablics, Serveis i Usos: Protecci\u00f3 Civil\u00a0i Seguretat Vial<\/li>\n<\/ul>\n\n\n\n<p>Posteriorment, la Comissi\u00f3 mixta, integrada per t\u00e8cnics i pol\u00edtics municipals,&nbsp;ha&nbsp;treballat&nbsp;cada una de les propostes, prenent les decisions d\u2019acceptar-les, reagrupar-les o descartar-les.<\/p>\n\n\n\n<p>Des d\u2019els serveis corresponents es duran a terme els ajustaments t\u00e8cnics o pressupostaris de les acceptades i s\u2019argumentaran els motius de les que s\u2019han descartat.<\/p>\n\n\n\n<p>Totes les associacions que hagin presentat una proposta rebran informaci\u00f3&nbsp;del&nbsp;resultat del filtratge. Aix\u00ed mateix,&nbsp;tamb\u00e9 es publicar\u00e0&nbsp;a trav\u00e9s de la&nbsp;<a href=\"https:\/\/participa311-santadria.diba.cat\/processes\/pressupostos?locale=ca\" target=\"_blank\" rel=\"noreferrer noopener\">Plataforma Decidim per Sant Adri\u00e0<\/a>&nbsp;en un exercici de transpar\u00e8ncia de tot el proc\u00e9s.<\/p>\n","protected":false},"excerpt":{"rendered":"<p>Durant&nbsp;el mes de febrer es van presentar un total de 64 propostes a la primera edici\u00f3 de pressupostos participatius. Aquest mes de mar\u00e7, l\u2019equip de Participaci\u00f3 Ciutadana ha fet un primer filtratge de les propostes, analitzant que totes complissin els criteris b\u00e0sics inclosos a les bases&nbsp;i fent una primera distribuci\u00f3 dels \u00e0mbits d\u2019actuaci\u00f3: Posteriorment, la [&hellip;]<\/p>\n","protected":false},"author":2,"featured_media":8240,"comment_status":"closed","ping_status":"open","sticky":false,"template":"","format":"standard","meta":{"footnotes":""},"categories":[134],"tags":[],"class_list":{"0":"post-8480","1":"post","2":"type-post","3":"status-publish","4":"format-standard","5":"has-post-thumbnail","7":"category-actualitat"},"_links":{"self":[{"href":"https:\/\/www.areabesos.com\/diario\/wp-json\/wp\/v2\/posts\/8480","targetHints":{"allow":["GET"]}}],"collection":[{"href":"https:\/\/www.areabesos.com\/diario\/wp-json\/wp\/v2\/posts"}],"about":[{"href":"https:\/\/www.areabesos.com\/diario\/wp-json\/wp\/v2\/types\/post"}],"author":[{"embeddable":true,"href":"https:\/\/www.areabesos.com\/diario\/wp-json\/wp\/v2\/users\/2"}],"replies":[{"embeddable":true,"href":"https:\/\/www.areabesos.com\/diario\/wp-json\/wp\/v2\/comments?post=8480"}],"version-history":[{"count":1,"href":"https:\/\/www.areabesos.com\/diario\/wp-json\/wp\/v2\/posts\/8480\/revisions"}],"predecessor-version":[{"id":8481,"href":"https:\/\/www.areabesos.com\/diario\/wp-json\/wp\/v2\/posts\/8480\/revisions\/8481"}],"wp:featuredmedia":[{"embeddable":true,"href":"https:\/\/www.areabesos.com\/diario\/wp-json\/wp\/v2\/media\/8240"}],"wp:attachment":[{"href":"https:\/\/www.areabesos.com\/diario\/wp-json\/wp\/v2\/media?parent=8480"}],"wp:term":[{"taxonomy":"category","embeddable":true,"href":"https:\/\/www.areabesos.com\/diario\/wp-json\/wp\/v2\/categories?post=8480"},{"taxonomy":"post_tag","embeddable":true,"href":"https:\/\/www.areabesos.com\/diario\/wp-json\/wp\/v2\/tags?post=8480"}],"curies":[{"name":"wp","href":"https:\/\/api.w.org\/{rel}","templated":true}]}}