{"id":8477,"date":"2025-03-24T11:05:22","date_gmt":"2025-03-24T10:05:22","guid":{"rendered":"https:\/\/www.areabesos.com\/diario\/?p=8477"},"modified":"2025-03-24T11:05:22","modified_gmt":"2025-03-24T10:05:22","slug":"preinscripcio-per-al-curs-2025-2026-de-lescola-municipal-de-musica-benet-bails","status":"publish","type":"post","link":"https:\/\/www.areabesos.com\/diario\/preinscripcio-per-al-curs-2025-2026-de-lescola-municipal-de-musica-benet-bails\/","title":{"rendered":"Preinscripci\u00f3 per al curs 2025\/2026 de l\u2019Escola Municipal de M\u00fasica Benet Ba\u00efls"},"content":{"rendered":"\n<p>L\u2019 escola de m\u00fasica \u00e9s un projecte d\u2019acci\u00f3 cultural de doble via. Aix\u00f2<\/p>\n\n\n\n<p>vol dir que t\u00e9 com a missi\u00f3 ser un equipament educatiu especialitzat en<\/p>\n\n\n\n<p>ensenyaments musicals i, al mateix temps, tenir un paper clau en el<\/p>\n\n\n\n<p>conjunt d\u2019intervencions culturals locals, sobretot en l\u2019\u00e0mbit musical.<\/p>\n\n\n\n<h3 class=\"wp-block-heading\"><strong>Calendari de preinscripci\u00f3 i matriculaci\u00f3<\/strong><\/h3>\n\n\n\n<p class=\" \">\u2022&nbsp;Publicaci\u00f3 de places:&nbsp;<strong>2 d&#8217;abril<\/strong><\/p>\n\n\n\n<p class=\" \">\u2022&nbsp;Lliurament de preinscripcions:&nbsp;a&nbsp;partir del&nbsp;<strong>4 d&#8217;abril<\/strong><\/p>\n\n\n\n<p>\u2022&nbsp;Jornada de portes obertes:&nbsp;<strong>4 i 11 d&#8217;abril,&nbsp;<\/strong><strong>de 15.30 a 19.30 h<\/strong><\/p>\n\n\n\n<p>\u2022&nbsp;Presentaci\u00f3 de les sol\u00b7licituds: del&nbsp;<strong>4 d&#8217;abril al 9 de maig<\/strong><\/p>\n\n\n\n<p>\u2022&nbsp;Publicaci\u00f3 llistes baremades:&nbsp;<strong>12 de maig<\/strong><\/p>\n\n\n\n<p>\u2022&nbsp;Reclamaci\u00f3 de les llistes baremades:&nbsp;<strong>14 de maig<\/strong><\/p>\n\n\n\n<p>\u2022&nbsp;Publicaci\u00f3 llistes definitives:&nbsp;<strong>16 de maig<\/strong><\/p>\n\n\n\n<p>\u2022&nbsp;Matriculaci\u00f3: del&nbsp;<strong>19 de maig al 13 de juny<\/strong><\/p>\n\n\n\n<h3 class=\"wp-block-heading\"><strong>Documentaci\u00f3 a presentar<\/strong><\/h3>\n\n\n\n<p class=\" \">1. L&#8217;impr\u00e8s de sol\u00b7licitud de preinscripci\u00f3, degudament formalitzat<\/p>\n\n\n\n<p class=\" \">2. Original i fotoc\u00f2pia del DNI del\/de la sol\u00b7licitant (alumne\/a) i del<\/p>\n\n\n\n<p>pare, mare o tutor\/a<\/p>\n\n\n\n<p>3. Original i fotoc\u00f2pia del llibre de fam\u00edlia<\/p>\n\n\n\n<p>4. Original i fotoc\u00f2pia del carnet de fam\u00edlia nombrosa o monoparental,<\/p>\n\n\n\n<p>en cas que s&#8217;al\u00b7legui.<\/p>\n\n\n\n<p>5. Original i fotoc\u00f2pia del padr\u00f3 municipal del\/la sol\u00b7licitant<\/p>\n\n\n\n<p>6. Si el lloc de treball del pare, mare o tutor\/a es a Sant Adri\u00e0 de<\/p>\n\n\n\n<p>Bes\u00f2s, cal aportar un certificat de l&#8217;empresa que ho acrediti<\/p>\n\n\n\n<h3 class=\"wp-block-heading\"><strong>Horari d&#8217;atenci\u00f3 al p\u00fablic<\/strong><\/h3>\n\n\n\n<p class=\" \">De dilluns a dijous de 16 a 21 h i divendres de 16 a 20 h<\/p>\n\n\n\n<h3 class=\"wp-block-heading\"><strong>M\u00e9s informaci\u00f3<\/strong><\/h3>\n\n\n\n<p class=\" \"><strong>Escola Municipal de M\u00fasica Benet Ba\u00efls<\/strong><\/p>\n\n\n\n<p class=\" \">C\/ Andreu Vidal, 45<\/p>\n\n\n\n<p>08930 Sant Adri\u00e0 de Bes\u00f2s<\/p>\n\n\n\n<p>Tel.&nbsp;<strong>93 462 72 72<\/strong><\/p>\n\n\n\n<p>e-mail: escolamusica@sant-adria.net<\/p>\n\n\n\n<p>web:&nbsp;https:\/\/sites.google.com\/view\/escola-musica-benet-bails\/Inicio-EMMBB<\/p>\n\n\n\n<p>Facebook: Emm Benet Bails You Tube: Benet Bails<\/p>\n","protected":false},"excerpt":{"rendered":"<p>L\u2019 escola de m\u00fasica \u00e9s un projecte d\u2019acci\u00f3 cultural de doble via. Aix\u00f2 vol dir que t\u00e9 com a missi\u00f3 ser un equipament educatiu especialitzat en ensenyaments musicals i, al mateix temps, tenir un paper clau en el conjunt d\u2019intervencions culturals locals, sobretot en l\u2019\u00e0mbit musical. Calendari de preinscripci\u00f3 i matriculaci\u00f3 \u2022&nbsp;Publicaci\u00f3 de places:&nbsp;2 d&#8217;abril [&hellip;]<\/p>\n","protected":false},"author":2,"featured_media":8478,"comment_status":"closed","ping_status":"open","sticky":false,"template":"","format":"standard","meta":{"footnotes":""},"categories":[136],"tags":[],"class_list":{"0":"post-8477","1":"post","2":"type-post","3":"status-publish","4":"format-standard","5":"has-post-thumbnail","7":"category-cultura"},"_links":{"self":[{"href":"https:\/\/www.areabesos.com\/diario\/wp-json\/wp\/v2\/posts\/8477","targetHints":{"allow":["GET"]}}],"collection":[{"href":"https:\/\/www.areabesos.com\/diario\/wp-json\/wp\/v2\/posts"}],"about":[{"href":"https:\/\/www.areabesos.com\/diario\/wp-json\/wp\/v2\/types\/post"}],"author":[{"embeddable":true,"href":"https:\/\/www.areabesos.com\/diario\/wp-json\/wp\/v2\/users\/2"}],"replies":[{"embeddable":true,"href":"https:\/\/www.areabesos.com\/diario\/wp-json\/wp\/v2\/comments?post=8477"}],"version-history":[{"count":1,"href":"https:\/\/www.areabesos.com\/diario\/wp-json\/wp\/v2\/posts\/8477\/revisions"}],"predecessor-version":[{"id":8479,"href":"https:\/\/www.areabesos.com\/diario\/wp-json\/wp\/v2\/posts\/8477\/revisions\/8479"}],"wp:featuredmedia":[{"embeddable":true,"href":"https:\/\/www.areabesos.com\/diario\/wp-json\/wp\/v2\/media\/8478"}],"wp:attachment":[{"href":"https:\/\/www.areabesos.com\/diario\/wp-json\/wp\/v2\/media?parent=8477"}],"wp:term":[{"taxonomy":"category","embeddable":true,"href":"https:\/\/www.areabesos.com\/diario\/wp-json\/wp\/v2\/categories?post=8477"},{"taxonomy":"post_tag","embeddable":true,"href":"https:\/\/www.areabesos.com\/diario\/wp-json\/wp\/v2\/tags?post=8477"}],"curies":[{"name":"wp","href":"https:\/\/api.w.org\/{rel}","templated":true}]}}