{"id":8432,"date":"2025-03-10T10:22:59","date_gmt":"2025-03-10T09:22:59","guid":{"rendered":"https:\/\/www.areabesos.com\/diario\/?p=8432"},"modified":"2025-03-10T10:24:33","modified_gmt":"2025-03-10T09:24:33","slug":"reconocimiento-a-los-voluntarios-de-proteccion-civil-de-sant-adria-de-besos","status":"publish","type":"post","link":"https:\/\/www.areabesos.com\/diario\/reconocimiento-a-los-voluntarios-de-proteccion-civil-de-sant-adria-de-besos\/","title":{"rendered":"Reconocimiento a los Voluntarios de Protecci\u00f3n Civil de Sant Adri\u00e0 de Bes\u00f2s"},"content":{"rendered":"\n<p>El pasado 1 de marzo, coincidiendo con el D\u00eda Internacional de Protecci\u00f3n Civil, un equipo de voluntarios de Protecci\u00f3n Civil de Sant Adri\u00e0 de Bes\u00f2s fue condecorado en el municipio de Moncada, Valencia. En un emotivo acto, los voluntarios recibieron la Cruz al M\u00e9rito de Protecci\u00f3n Civil con distintivo rojo, en reconocimiento a su incansable labor durante la DANA que afect\u00f3 a la regi\u00f3n.<\/p>\n\n\n\n<p>Este homenaje, organizado por el Ayuntamiento de Moncada, destaca el compromiso y esfuerzo de estos h\u00e9roes an\u00f3nimos que, d\u00eda a d\u00eda, velan por la seguridad y el bienestar de la ciudadan\u00eda en situaciones de emergencia. La alcaldesa de Moncada, Amparo Orts, junto con el regidor de seguridad, Mart\u00edn P\u00e9rez, y el coordinador de la Coordinadora Operativa AVPC de Catalunya, Jordi Gallego, fueron los encargados de entregar las condecoraciones. Tambi\u00e9n estuvieron presentes en la entrega de medallas, la delegada del gobierno, Pilar Bernab\u00e9, y la directora general de Protecci\u00f3n Civil y Emergencia del Ministerio del Interior, Virginia Barcones, entre otros altos cargos.<\/p>\n\n\n\n<figure class=\"wp-block-gallery has-nested-images columns-default is-cropped td-modal-on-gallery wp-block-gallery-1 is-layout-flex wp-block-gallery-is-layout-flex\">\n<figure class=\"wp-block-image size-large\"><img loading=\"lazy\" decoding=\"async\" width=\"1024\" height=\"768\" data-id=\"8436\" src=\"https:\/\/www.areabesos.com\/diario\/wp-content\/uploads\/2025\/03\/protemedalla05-1024x768.jpg\" alt=\"\" class=\"wp-image-8436\" srcset=\"https:\/\/www.areabesos.com\/diario\/wp-content\/uploads\/2025\/03\/protemedalla05-1024x768.jpg 1024w, https:\/\/www.areabesos.com\/diario\/wp-content\/uploads\/2025\/03\/protemedalla05-300x225.jpg 300w, https:\/\/www.areabesos.com\/diario\/wp-content\/uploads\/2025\/03\/protemedalla05-768x576.jpg 768w, https:\/\/www.areabesos.com\/diario\/wp-content\/uploads\/2025\/03\/protemedalla05-150x113.jpg 150w, https:\/\/www.areabesos.com\/diario\/wp-content\/uploads\/2025\/03\/protemedalla05-696x522.jpg 696w, https:\/\/www.areabesos.com\/diario\/wp-content\/uploads\/2025\/03\/protemedalla05-1068x801.jpg 1068w, https:\/\/www.areabesos.com\/diario\/wp-content\/uploads\/2025\/03\/protemedalla05.jpg 1200w\" sizes=\"auto, (max-width: 1024px) 100vw, 1024px\" \/><\/figure>\n\n\n\n<figure class=\"wp-block-image size-large\"><img loading=\"lazy\" decoding=\"async\" width=\"768\" height=\"1024\" data-id=\"8434\" src=\"https:\/\/www.areabesos.com\/diario\/wp-content\/uploads\/2025\/03\/protemedalla02-768x1024.jpg\" alt=\"\" class=\"wp-image-8434\" srcset=\"https:\/\/www.areabesos.com\/diario\/wp-content\/uploads\/2025\/03\/protemedalla02-768x1024.jpg 768w, https:\/\/www.areabesos.com\/diario\/wp-content\/uploads\/2025\/03\/protemedalla02-225x300.jpg 225w, https:\/\/www.areabesos.com\/diario\/wp-content\/uploads\/2025\/03\/protemedalla02-150x200.jpg 150w, https:\/\/www.areabesos.com\/diario\/wp-content\/uploads\/2025\/03\/protemedalla02-300x400.jpg 300w, https:\/\/www.areabesos.com\/diario\/wp-content\/uploads\/2025\/03\/protemedalla02-696x928.jpg 696w, https:\/\/www.areabesos.com\/diario\/wp-content\/uploads\/2025\/03\/protemedalla02.jpg 900w\" sizes=\"auto, (max-width: 768px) 100vw, 768px\" \/><\/figure>\n\n\n\n<figure class=\"wp-block-image size-large\"><img loading=\"lazy\" decoding=\"async\" width=\"1024\" height=\"753\" data-id=\"8433\" src=\"https:\/\/www.areabesos.com\/diario\/wp-content\/uploads\/2025\/03\/protemedalla01-1024x753.jpg\" alt=\"\" class=\"wp-image-8433\" srcset=\"https:\/\/www.areabesos.com\/diario\/wp-content\/uploads\/2025\/03\/protemedalla01-1024x753.jpg 1024w, https:\/\/www.areabesos.com\/diario\/wp-content\/uploads\/2025\/03\/protemedalla01-300x221.jpg 300w, https:\/\/www.areabesos.com\/diario\/wp-content\/uploads\/2025\/03\/protemedalla01-768x565.jpg 768w, https:\/\/www.areabesos.com\/diario\/wp-content\/uploads\/2025\/03\/protemedalla01-150x110.jpg 150w, https:\/\/www.areabesos.com\/diario\/wp-content\/uploads\/2025\/03\/protemedalla01-696x512.jpg 696w, https:\/\/www.areabesos.com\/diario\/wp-content\/uploads\/2025\/03\/protemedalla01-1068x786.jpg 1068w, https:\/\/www.areabesos.com\/diario\/wp-content\/uploads\/2025\/03\/protemedalla01.jpg 1200w\" sizes=\"auto, (max-width: 1024px) 100vw, 1024px\" \/><\/figure>\n\n\n\n<figure class=\"wp-block-image size-large\"><img loading=\"lazy\" decoding=\"async\" width=\"1024\" height=\"689\" data-id=\"8435\" src=\"https:\/\/www.areabesos.com\/diario\/wp-content\/uploads\/2025\/03\/protemedalla04-1024x689.jpg\" alt=\"\" class=\"wp-image-8435\" srcset=\"https:\/\/www.areabesos.com\/diario\/wp-content\/uploads\/2025\/03\/protemedalla04-1024x689.jpg 1024w, https:\/\/www.areabesos.com\/diario\/wp-content\/uploads\/2025\/03\/protemedalla04-300x202.jpg 300w, https:\/\/www.areabesos.com\/diario\/wp-content\/uploads\/2025\/03\/protemedalla04-768x516.jpg 768w, https:\/\/www.areabesos.com\/diario\/wp-content\/uploads\/2025\/03\/protemedalla04-150x101.jpg 150w, https:\/\/www.areabesos.com\/diario\/wp-content\/uploads\/2025\/03\/protemedalla04-696x468.jpg 696w, https:\/\/www.areabesos.com\/diario\/wp-content\/uploads\/2025\/03\/protemedalla04-1068x718.jpg 1068w, https:\/\/www.areabesos.com\/diario\/wp-content\/uploads\/2025\/03\/protemedalla04.jpg 1200w\" sizes=\"auto, (max-width: 1024px) 100vw, 1024px\" \/><\/figure>\n<\/figure>\n\n\n\n<p>Los voluntarios y voluntarias de Protecci\u00f3n Civil demuestran constantemente que, cuando m\u00e1s se les necesita, siempre est\u00e1n al pie del ca\u00f1\u00f3n. Actos de agradecimiento como el del pasado 1 de marzo no deber\u00edan ser una excepci\u00f3n. Las administraciones p\u00fablicas deben reconocer y valorar la labor de este colectivo esencial.<\/p>\n\n\n\n<p>Desde nuestra la asociaci\u00f3n de voluntarios de Protecci\u00f3n Civil adrianense agradecen \u00abel apoyo y compromiso de nuestra alcaldesa, Filo, y del regidor Jos\u00e9 Luis, quienes apostaron y nos autorizaron a poder salir de nuestro municipio, sin ellos no hubiera sido posible, mostrando su solidaridad y respaldo a nuestros\u00a0voluntarios\u00bb.<\/p>\n","protected":false},"excerpt":{"rendered":"<p>El pasado 1 de marzo, coincidiendo con el D\u00eda Internacional de Protecci\u00f3n Civil, un equipo de voluntarios de Protecci\u00f3n Civil de Sant Adri\u00e0 de Bes\u00f2s fue condecorado en el municipio de Moncada, Valencia. En un emotivo acto, los voluntarios recibieron la Cruz al M\u00e9rito de Protecci\u00f3n Civil con distintivo rojo, en reconocimiento a su incansable [&hellip;]<\/p>\n","protected":false},"author":2,"featured_media":8437,"comment_status":"closed","ping_status":"open","sticky":false,"template":"","format":"standard","meta":{"footnotes":""},"categories":[134,135],"tags":[],"class_list":{"0":"post-8432","1":"post","2":"type-post","3":"status-publish","4":"format-standard","5":"has-post-thumbnail","7":"category-actualitat","8":"category-societat"},"_links":{"self":[{"href":"https:\/\/www.areabesos.com\/diario\/wp-json\/wp\/v2\/posts\/8432","targetHints":{"allow":["GET"]}}],"collection":[{"href":"https:\/\/www.areabesos.com\/diario\/wp-json\/wp\/v2\/posts"}],"about":[{"href":"https:\/\/www.areabesos.com\/diario\/wp-json\/wp\/v2\/types\/post"}],"author":[{"embeddable":true,"href":"https:\/\/www.areabesos.com\/diario\/wp-json\/wp\/v2\/users\/2"}],"replies":[{"embeddable":true,"href":"https:\/\/www.areabesos.com\/diario\/wp-json\/wp\/v2\/comments?post=8432"}],"version-history":[{"count":1,"href":"https:\/\/www.areabesos.com\/diario\/wp-json\/wp\/v2\/posts\/8432\/revisions"}],"predecessor-version":[{"id":8438,"href":"https:\/\/www.areabesos.com\/diario\/wp-json\/wp\/v2\/posts\/8432\/revisions\/8438"}],"wp:featuredmedia":[{"embeddable":true,"href":"https:\/\/www.areabesos.com\/diario\/wp-json\/wp\/v2\/media\/8437"}],"wp:attachment":[{"href":"https:\/\/www.areabesos.com\/diario\/wp-json\/wp\/v2\/media?parent=8432"}],"wp:term":[{"taxonomy":"category","embeddable":true,"href":"https:\/\/www.areabesos.com\/diario\/wp-json\/wp\/v2\/categories?post=8432"},{"taxonomy":"post_tag","embeddable":true,"href":"https:\/\/www.areabesos.com\/diario\/wp-json\/wp\/v2\/tags?post=8432"}],"curies":[{"name":"wp","href":"https:\/\/api.w.org\/{rel}","templated":true}]}}