{"id":8419,"date":"2025-03-03T10:26:18","date_gmt":"2025-03-03T09:26:18","guid":{"rendered":"https:\/\/www.areabesos.com\/diario\/?p=8419"},"modified":"2025-03-03T10:26:18","modified_gmt":"2025-03-03T09:26:18","slug":"sant-adria-enceta-els-actes-pel-8-de-marc","status":"publish","type":"post","link":"https:\/\/www.areabesos.com\/diario\/sant-adria-enceta-els-actes-pel-8-de-marc\/","title":{"rendered":"Sant Adri\u00e0 enceta els actes pel 8 de Mar\u00e7"},"content":{"rendered":"\n<p>Sant Adri\u00e0 celebra una vegada m\u00e9s el&nbsp;<strong>8<\/strong>&nbsp;<strong>de<\/strong>&nbsp;<strong>mar\u00e7<\/strong>,&nbsp;<strong>Dia<\/strong>&nbsp;<strong>Internacional<\/strong>&nbsp;<strong>de<\/strong>&nbsp;<strong>les<\/strong>&nbsp;<strong>Dones<\/strong>, amb tot un ventall d&#8217;activitats reivindicatives, l\u00fadiques i de sensibilitzaci\u00f3 que tindran lloc en diferents espais de la ciutat. Una data per recordar que la igualtat ha de ser un objectiu col\u00b7lectiu i tothom ha de sumar esfor\u00e7os i continuar fent aven\u00e7os per assolir-lo.<\/p>\n\n\n\n<p>Les activitats, per a totes les edats, tindran lloc durant el mes de mar\u00e7 i fins al mes d\u2019abril. No us perdeu el&nbsp;<strong>8M al carrer! Pels drets de les dones<\/strong>, que tindr\u00e0 lloc el 7 de mar\u00e7, una oportunitat per visitar els estands reivindicatius de diverses entitats del municipi a la pl. de la Vila, i assistir a la lectura del Manifest. El mateix dia tindr\u00e0 lloc la&nbsp;<strong>Manifestaci\u00f3<\/strong>&nbsp;<strong>del 8M<\/strong>&nbsp;pels carrers de Sant Adri\u00e0 amb la participaci\u00f3 dels centres educatius del municipi. La programaci\u00f3 ofereix tamb\u00e9 l&#8217;oportunitat de con\u00e8ixer la situaci\u00f3 de les dones a altres indrets del m\u00f3n i la seva lluita en&nbsp;<strong>l&#8217;Espai<\/strong>&nbsp;<strong>d&#8217;activismes<\/strong>&nbsp;<strong>feministes<\/strong>&nbsp;<strong>contra<\/strong>&nbsp;<strong>les<\/strong>&nbsp;<strong>desigualtats<\/strong>&nbsp;<strong>i<\/strong>&nbsp;<strong>les<\/strong>&nbsp;<strong>viol\u00e8ncies<\/strong>&nbsp;<strong>al<\/strong>&nbsp;<strong>m\u00f3n,&nbsp;<\/strong>queel 9 d&#8217;abriloferir\u00e0unaxerradasobreles<strong>&nbsp;Dones a l&#8217;Afganistan. La resist\u00e8ncia contra el r\u00e8gim patriarcal talib\u00e0,&nbsp;<\/strong>alCasalDalt de la Vila.<\/p>\n\n\n\n<p>Aquestes i moltes activitats m\u00e9s les podeu trobar en el&nbsp;<a href=\"https:\/\/www.sant-adria.cat\/sant-adria-per-temes\/alcaldia\/documents\/8-de-marc-2025-1\">PROGRAMA D&#8217;ACTIVITATS<\/a>.<\/p>\n","protected":false},"excerpt":{"rendered":"<p>Sant Adri\u00e0 celebra una vegada m\u00e9s el&nbsp;8&nbsp;de&nbsp;mar\u00e7,&nbsp;Dia&nbsp;Internacional&nbsp;de&nbsp;les&nbsp;Dones, amb tot un ventall d&#8217;activitats reivindicatives, l\u00fadiques i de sensibilitzaci\u00f3 que tindran lloc en diferents espais de la ciutat. Una data per recordar que la igualtat ha de ser un objectiu col\u00b7lectiu i tothom ha de sumar esfor\u00e7os i continuar fent aven\u00e7os per assolir-lo. Les activitats, per a [&hellip;]<\/p>\n","protected":false},"author":2,"featured_media":8420,"comment_status":"closed","ping_status":"open","sticky":false,"template":"","format":"standard","meta":{"footnotes":""},"categories":[134],"tags":[],"class_list":{"0":"post-8419","1":"post","2":"type-post","3":"status-publish","4":"format-standard","5":"has-post-thumbnail","7":"category-actualitat"},"_links":{"self":[{"href":"https:\/\/www.areabesos.com\/diario\/wp-json\/wp\/v2\/posts\/8419","targetHints":{"allow":["GET"]}}],"collection":[{"href":"https:\/\/www.areabesos.com\/diario\/wp-json\/wp\/v2\/posts"}],"about":[{"href":"https:\/\/www.areabesos.com\/diario\/wp-json\/wp\/v2\/types\/post"}],"author":[{"embeddable":true,"href":"https:\/\/www.areabesos.com\/diario\/wp-json\/wp\/v2\/users\/2"}],"replies":[{"embeddable":true,"href":"https:\/\/www.areabesos.com\/diario\/wp-json\/wp\/v2\/comments?post=8419"}],"version-history":[{"count":1,"href":"https:\/\/www.areabesos.com\/diario\/wp-json\/wp\/v2\/posts\/8419\/revisions"}],"predecessor-version":[{"id":8421,"href":"https:\/\/www.areabesos.com\/diario\/wp-json\/wp\/v2\/posts\/8419\/revisions\/8421"}],"wp:featuredmedia":[{"embeddable":true,"href":"https:\/\/www.areabesos.com\/diario\/wp-json\/wp\/v2\/media\/8420"}],"wp:attachment":[{"href":"https:\/\/www.areabesos.com\/diario\/wp-json\/wp\/v2\/media?parent=8419"}],"wp:term":[{"taxonomy":"category","embeddable":true,"href":"https:\/\/www.areabesos.com\/diario\/wp-json\/wp\/v2\/categories?post=8419"},{"taxonomy":"post_tag","embeddable":true,"href":"https:\/\/www.areabesos.com\/diario\/wp-json\/wp\/v2\/tags?post=8419"}],"curies":[{"name":"wp","href":"https:\/\/api.w.org\/{rel}","templated":true}]}}