{"id":8416,"date":"2025-02-26T09:40:00","date_gmt":"2025-02-26T08:40:00","guid":{"rendered":"https:\/\/www.areabesos.com\/diario\/?p=8416"},"modified":"2025-02-26T11:42:40","modified_gmt":"2025-02-26T10:42:40","slug":"area-besos-338-febrer-2024","status":"publish","type":"post","link":"https:\/\/www.areabesos.com\/diario\/area-besos-338-febrer-2024\/","title":{"rendered":"\u00c0rea Bes\u00f2s 338 Febrer 2024"},"content":{"rendered":"\n<p>En el n\u00famero de febrer de l\u2019\u00c0rea Bes\u00f2s destaquem la reobertura de la platja del Litoral despr\u00e9s de 4 anys de tancament per contaminaci\u00f3. Tamb\u00e9, l&#8217;arriba del grup t\u00e8xtil Inditex a Sant Adri\u00e0 de Bes\u00f2s.<\/p>\n\n\n<a href=\"https:\/\/www.areabesos.com\/diario\/wp-content\/uploads\/2025\/02\/AB0338.pdf\" class=\"pdfemb-viewer\" style=\"\" data-width=\"max\" data-height=\"max\" data-toolbar=\"both\" data-toolbar-fixed=\"on\">AB0338<\/a>","protected":false},"excerpt":{"rendered":"<p>En el n\u00famero de febrer de l\u2019\u00c0rea Bes\u00f2s destaquem la reobertura de la platja del Litoral despr\u00e9s de 4 anys de tancament per contaminaci\u00f3. Tamb\u00e9, l&#8217;arriba del grup t\u00e8xtil Inditex a Sant Adri\u00e0 de Bes\u00f2s.<\/p>\n","protected":false},"author":1,"featured_media":8417,"comment_status":"closed","ping_status":"open","sticky":false,"template":"","format":"standard","meta":{"footnotes":""},"categories":[141],"tags":[],"class_list":{"0":"post-8416","1":"post","2":"type-post","3":"status-publish","4":"format-standard","5":"has-post-thumbnail","7":"category-edicio-impresa"},"_links":{"self":[{"href":"https:\/\/www.areabesos.com\/diario\/wp-json\/wp\/v2\/posts\/8416","targetHints":{"allow":["GET"]}}],"collection":[{"href":"https:\/\/www.areabesos.com\/diario\/wp-json\/wp\/v2\/posts"}],"about":[{"href":"https:\/\/www.areabesos.com\/diario\/wp-json\/wp\/v2\/types\/post"}],"author":[{"embeddable":true,"href":"https:\/\/www.areabesos.com\/diario\/wp-json\/wp\/v2\/users\/1"}],"replies":[{"embeddable":true,"href":"https:\/\/www.areabesos.com\/diario\/wp-json\/wp\/v2\/comments?post=8416"}],"version-history":[{"count":1,"href":"https:\/\/www.areabesos.com\/diario\/wp-json\/wp\/v2\/posts\/8416\/revisions"}],"predecessor-version":[{"id":8418,"href":"https:\/\/www.areabesos.com\/diario\/wp-json\/wp\/v2\/posts\/8416\/revisions\/8418"}],"wp:featuredmedia":[{"embeddable":true,"href":"https:\/\/www.areabesos.com\/diario\/wp-json\/wp\/v2\/media\/8417"}],"wp:attachment":[{"href":"https:\/\/www.areabesos.com\/diario\/wp-json\/wp\/v2\/media?parent=8416"}],"wp:term":[{"taxonomy":"category","embeddable":true,"href":"https:\/\/www.areabesos.com\/diario\/wp-json\/wp\/v2\/categories?post=8416"},{"taxonomy":"post_tag","embeddable":true,"href":"https:\/\/www.areabesos.com\/diario\/wp-json\/wp\/v2\/tags?post=8416"}],"curies":[{"name":"wp","href":"https:\/\/api.w.org\/{rel}","templated":true}]}}