{"id":8408,"date":"2025-02-25T09:13:00","date_gmt":"2025-02-25T08:13:00","guid":{"rendered":"https:\/\/www.areabesos.com\/diario\/?p=8408"},"modified":"2025-02-25T11:15:35","modified_gmt":"2025-02-25T10:15:35","slug":"angel-gil-nou-president-de-junts-per-sant-adria","status":"publish","type":"post","link":"https:\/\/www.areabesos.com\/diario\/angel-gil-nou-president-de-junts-per-sant-adria\/","title":{"rendered":"\u00c0ngel Gil, nou president de Junts per Sant Adri\u00e0"},"content":{"rendered":"\n<p>Junts per Sant Adri\u00e0 ha escollit la seva executiva local, que a partir d\u2019ara presidir\u00e0 \u00c0ngel Gil. La candidatura ha rebut el suport un\u00e0nime de la milit\u00e0ncia.<\/p>\n\n\n\n<p>En aquesta nova etapa, Junts per Sant Adri\u00e0 es marca com a gran objectiu entrar a l\u2019Ajuntament en les properes eleccions municipals, una representaci\u00f3 que van perdre l\u2019any 2019.<\/p>\n\n\n\n<p>Junts vol centrar-se en ampliar l\u2019estructura del partit a la ciutat i sumar nous militants i es marca com a prioritats de ciutat la seguretat, el progr\u00e9s i l\u2019habitatge. En aquest sentit, treballaran per un model de gesti\u00f3 diferent, ambici\u00f3s i que posi les persones al centre.<\/p>\n\n\n\n<p>A m\u00e9s, aposten per refor\u00e7ar la pres\u00e8ncia del catal\u00e0 a la ciutat, creant una regidoria de Pol\u00edtica Ling\u00fc\u00edstica.<\/p>\n","protected":false},"excerpt":{"rendered":"<p>Junts per Sant Adri\u00e0 ha escollit la seva executiva local, que a partir d\u2019ara presidir\u00e0 \u00c0ngel Gil. La candidatura ha rebut el suport un\u00e0nime de la milit\u00e0ncia. En aquesta nova etapa, Junts per Sant Adri\u00e0 es marca com a gran objectiu entrar a l\u2019Ajuntament en les properes eleccions municipals, una representaci\u00f3 que van perdre l\u2019any [&hellip;]<\/p>\n","protected":false},"author":2,"featured_media":8409,"comment_status":"closed","ping_status":"open","sticky":false,"template":"","format":"standard","meta":{"footnotes":""},"categories":[134],"tags":[],"class_list":{"0":"post-8408","1":"post","2":"type-post","3":"status-publish","4":"format-standard","5":"has-post-thumbnail","7":"category-actualitat"},"_links":{"self":[{"href":"https:\/\/www.areabesos.com\/diario\/wp-json\/wp\/v2\/posts\/8408","targetHints":{"allow":["GET"]}}],"collection":[{"href":"https:\/\/www.areabesos.com\/diario\/wp-json\/wp\/v2\/posts"}],"about":[{"href":"https:\/\/www.areabesos.com\/diario\/wp-json\/wp\/v2\/types\/post"}],"author":[{"embeddable":true,"href":"https:\/\/www.areabesos.com\/diario\/wp-json\/wp\/v2\/users\/2"}],"replies":[{"embeddable":true,"href":"https:\/\/www.areabesos.com\/diario\/wp-json\/wp\/v2\/comments?post=8408"}],"version-history":[{"count":1,"href":"https:\/\/www.areabesos.com\/diario\/wp-json\/wp\/v2\/posts\/8408\/revisions"}],"predecessor-version":[{"id":8410,"href":"https:\/\/www.areabesos.com\/diario\/wp-json\/wp\/v2\/posts\/8408\/revisions\/8410"}],"wp:featuredmedia":[{"embeddable":true,"href":"https:\/\/www.areabesos.com\/diario\/wp-json\/wp\/v2\/media\/8409"}],"wp:attachment":[{"href":"https:\/\/www.areabesos.com\/diario\/wp-json\/wp\/v2\/media?parent=8408"}],"wp:term":[{"taxonomy":"category","embeddable":true,"href":"https:\/\/www.areabesos.com\/diario\/wp-json\/wp\/v2\/categories?post=8408"},{"taxonomy":"post_tag","embeddable":true,"href":"https:\/\/www.areabesos.com\/diario\/wp-json\/wp\/v2\/tags?post=8408"}],"curies":[{"name":"wp","href":"https:\/\/api.w.org\/{rel}","templated":true}]}}