{"id":8402,"date":"2025-02-24T13:08:48","date_gmt":"2025-02-24T12:08:48","guid":{"rendered":"https:\/\/www.areabesos.com\/diario\/?p=8402"},"modified":"2025-02-24T13:08:48","modified_gmt":"2025-02-24T12:08:48","slug":"el-carnaval-arriba-a-sant-adria","status":"publish","type":"post","link":"https:\/\/www.areabesos.com\/diario\/el-carnaval-arriba-a-sant-adria\/","title":{"rendered":"El Carnaval arriba a Sant Adri\u00e0"},"content":{"rendered":"\n<p>El proper dissabte, 1 de mar\u00e7, arriba el Carnaval a Sant Adri\u00e0. La imaginaci\u00f3 i la creativitat tornaran a omplir aquest any 2025 la ciutat amb les activitats del carnaval, no us ho perdeu!<\/p>\n\n\n\n<p><strong>12 h&nbsp;<\/strong><strong>Carnaval&nbsp;<\/strong><strong>Infantil.&nbsp;<\/strong>Festa infantil a la pla\u00e7a de la Vila.<\/p>\n\n\n\n<p><strong>18 h&nbsp;<\/strong><strong>Tarda de Carnaval.&nbsp;<\/strong><strong>Rua de carnaval&nbsp;<\/strong><strong>per a comparses i festa final.<\/strong><\/p>\n\n\n\n<p>A les 18 h concentraci\u00f3 al c. Torrassa amb l\u2019av. de la Platja. Sortida a les 18.30 h. Recorregut: av. de la Platja, pl. Maci\u00e0, av. Catalunya, pl. de la Vila, av. Catalunya, c.Josep Pons, c.Ricart i final a la pl. de la Vila. A la pla\u00e7a es realitzar\u00e0 la rebuda i una festa Disco M\u00f2bil fins a les 22 h.<\/p>\n\n\n\n<p>Per participar com a rua cal tenir en compte que han de ser m\u00e9s de 10&nbsp;persones&nbsp;conformant una unitat tem\u00e0tica coherent amb la disfressa conjunta i nom escollit. La inscripci\u00f3&nbsp;pr\u00e8via&nbsp;es pot realitzar adre\u00e7ant&nbsp;un&nbsp;correu a&nbsp;<a href=\"mailto:cultura@sant-adria.net\">cultura@sant-adria.net<\/a>&nbsp;indicant nom, n\u00famero de&nbsp;persones&nbsp;i un tel\u00e8fon de contacte o al mateix lloc de la sortida. \u00danicament es consideraran rues participants inscrites aquelles que realitzin la totalitat del recorregut des de la seva sortida.<\/p>\n","protected":false},"excerpt":{"rendered":"<p>El proper dissabte, 1 de mar\u00e7, arriba el Carnaval a Sant Adri\u00e0. La imaginaci\u00f3 i la creativitat tornaran a omplir aquest any 2025 la ciutat amb les activitats del carnaval, no us ho perdeu! 12 h&nbsp;Carnaval&nbsp;Infantil.&nbsp;Festa infantil a la pla\u00e7a de la Vila. 18 h&nbsp;Tarda de Carnaval.&nbsp;Rua de carnaval&nbsp;per a comparses i festa final. A [&hellip;]<\/p>\n","protected":false},"author":2,"featured_media":8403,"comment_status":"closed","ping_status":"open","sticky":false,"template":"","format":"standard","meta":{"footnotes":""},"categories":[136],"tags":[],"class_list":{"0":"post-8402","1":"post","2":"type-post","3":"status-publish","4":"format-standard","5":"has-post-thumbnail","7":"category-cultura"},"_links":{"self":[{"href":"https:\/\/www.areabesos.com\/diario\/wp-json\/wp\/v2\/posts\/8402","targetHints":{"allow":["GET"]}}],"collection":[{"href":"https:\/\/www.areabesos.com\/diario\/wp-json\/wp\/v2\/posts"}],"about":[{"href":"https:\/\/www.areabesos.com\/diario\/wp-json\/wp\/v2\/types\/post"}],"author":[{"embeddable":true,"href":"https:\/\/www.areabesos.com\/diario\/wp-json\/wp\/v2\/users\/2"}],"replies":[{"embeddable":true,"href":"https:\/\/www.areabesos.com\/diario\/wp-json\/wp\/v2\/comments?post=8402"}],"version-history":[{"count":1,"href":"https:\/\/www.areabesos.com\/diario\/wp-json\/wp\/v2\/posts\/8402\/revisions"}],"predecessor-version":[{"id":8404,"href":"https:\/\/www.areabesos.com\/diario\/wp-json\/wp\/v2\/posts\/8402\/revisions\/8404"}],"wp:featuredmedia":[{"embeddable":true,"href":"https:\/\/www.areabesos.com\/diario\/wp-json\/wp\/v2\/media\/8403"}],"wp:attachment":[{"href":"https:\/\/www.areabesos.com\/diario\/wp-json\/wp\/v2\/media?parent=8402"}],"wp:term":[{"taxonomy":"category","embeddable":true,"href":"https:\/\/www.areabesos.com\/diario\/wp-json\/wp\/v2\/categories?post=8402"},{"taxonomy":"post_tag","embeddable":true,"href":"https:\/\/www.areabesos.com\/diario\/wp-json\/wp\/v2\/tags?post=8402"}],"curies":[{"name":"wp","href":"https:\/\/api.w.org\/{rel}","templated":true}]}}