{"id":8399,"date":"2025-02-24T13:06:27","date_gmt":"2025-02-24T12:06:27","guid":{"rendered":"https:\/\/www.areabesos.com\/diario\/?p=8399"},"modified":"2025-02-24T13:06:27","modified_gmt":"2025-02-24T12:06:27","slug":"finalitza-la-recollida-de-taps-de-plastic-en-col%c2%b7laboracio-amb-aprodisa","status":"publish","type":"post","link":"https:\/\/www.areabesos.com\/diario\/finalitza-la-recollida-de-taps-de-plastic-en-col%c2%b7laboracio-amb-aprodisa\/","title":{"rendered":"Finalitza la recollida de taps de pl\u00e0stic en col\u00b7laboraci\u00f3 amb APRODISA"},"content":{"rendered":"\n<p>A mitjans de 2023, l\u2019Ajuntament de Sant Adri\u00e0 de Bes\u00f2s va col\u00b7laborar amb&nbsp;<strong>APRODISA<\/strong>&nbsp;en el projecte de reciclatge solidari anomenat&nbsp;<strong>\u201cIniciativa social del reciclatge\u201d<\/strong>, que tenia com a objectiu incentivar la recollida de taps de pl\u00e0stic per al seu reciclatge. Els beneficis econ\u00f2mics derivats de la venda d\u2019aquests taps es destinaven directament a&nbsp;<strong>projectes socials<\/strong>&nbsp;gestionats per&nbsp;<strong>APRODISA<\/strong>, en concret per a l\u2019adquisici\u00f3 de materials i activitats destinades als usuaris\/es del&nbsp;<strong>Centre Ocupacional<\/strong>&nbsp;ubicat al nostre municipi.<\/p>\n\n\n\n<p>A causa de la nova normativa europea que obliga que els taps estiguin adherits a les ampolles de pl\u00e0stic, el projecte finalitzar\u00e0 aquest mes de&nbsp;<strong>febrer de 2025<\/strong>.<\/p>\n\n\n\n<p>Els punts de recollida establerts per l&#8217;Ajuntament, ubicats als seg\u00fcents equipaments municipals, seran retirats:<\/p>\n\n\n\n<ul class=\"wp-block-list\">\n<li><strong>Ajuntament de Sant Adri\u00e0 de Bes\u00f2s (planta baixa)<\/strong><\/li>\n\n\n\n<li><strong>Edifici Fiveller. Carrer Joan Fiveller, 11<\/strong><\/li>\n<\/ul>\n\n\n\n<p>Des de l&#8217;Ajuntament volem agrair a totes les persones que han participat en aquesta acci\u00f3 solid\u00e0ria i ecol\u00f2gica, ajudant a millorar el benestar de les persones amb discapacitat i a promoure el reciclatge en el nostre municipi.<\/p>\n","protected":false},"excerpt":{"rendered":"<p>A mitjans de 2023, l\u2019Ajuntament de Sant Adri\u00e0 de Bes\u00f2s va col\u00b7laborar amb&nbsp;APRODISA&nbsp;en el projecte de reciclatge solidari anomenat&nbsp;\u201cIniciativa social del reciclatge\u201d, que tenia com a objectiu incentivar la recollida de taps de pl\u00e0stic per al seu reciclatge. Els beneficis econ\u00f2mics derivats de la venda d\u2019aquests taps es destinaven directament a&nbsp;projectes socials&nbsp;gestionats per&nbsp;APRODISA, en concret [&hellip;]<\/p>\n","protected":false},"author":2,"featured_media":8400,"comment_status":"closed","ping_status":"open","sticky":false,"template":"","format":"standard","meta":{"footnotes":""},"categories":[135],"tags":[],"class_list":{"0":"post-8399","1":"post","2":"type-post","3":"status-publish","4":"format-standard","5":"has-post-thumbnail","7":"category-societat"},"_links":{"self":[{"href":"https:\/\/www.areabesos.com\/diario\/wp-json\/wp\/v2\/posts\/8399","targetHints":{"allow":["GET"]}}],"collection":[{"href":"https:\/\/www.areabesos.com\/diario\/wp-json\/wp\/v2\/posts"}],"about":[{"href":"https:\/\/www.areabesos.com\/diario\/wp-json\/wp\/v2\/types\/post"}],"author":[{"embeddable":true,"href":"https:\/\/www.areabesos.com\/diario\/wp-json\/wp\/v2\/users\/2"}],"replies":[{"embeddable":true,"href":"https:\/\/www.areabesos.com\/diario\/wp-json\/wp\/v2\/comments?post=8399"}],"version-history":[{"count":1,"href":"https:\/\/www.areabesos.com\/diario\/wp-json\/wp\/v2\/posts\/8399\/revisions"}],"predecessor-version":[{"id":8401,"href":"https:\/\/www.areabesos.com\/diario\/wp-json\/wp\/v2\/posts\/8399\/revisions\/8401"}],"wp:featuredmedia":[{"embeddable":true,"href":"https:\/\/www.areabesos.com\/diario\/wp-json\/wp\/v2\/media\/8400"}],"wp:attachment":[{"href":"https:\/\/www.areabesos.com\/diario\/wp-json\/wp\/v2\/media?parent=8399"}],"wp:term":[{"taxonomy":"category","embeddable":true,"href":"https:\/\/www.areabesos.com\/diario\/wp-json\/wp\/v2\/categories?post=8399"},{"taxonomy":"post_tag","embeddable":true,"href":"https:\/\/www.areabesos.com\/diario\/wp-json\/wp\/v2\/tags?post=8399"}],"curies":[{"name":"wp","href":"https:\/\/api.w.org\/{rel}","templated":true}]}}