{"id":8327,"date":"2025-01-31T12:06:47","date_gmt":"2025-01-31T11:06:47","guid":{"rendered":"https:\/\/www.areabesos.com\/diario\/?p=8327"},"modified":"2025-02-06T12:08:17","modified_gmt":"2025-02-06T11:08:17","slug":"millora-la-percepcio-ciutadana-del-civisme","status":"publish","type":"post","link":"https:\/\/www.areabesos.com\/diario\/millora-la-percepcio-ciutadana-del-civisme\/","title":{"rendered":"Millora la percepci\u00f3 ciutadana del civisme"},"content":{"rendered":"\n<p>Les agents c\u00edviques de tardes i els agents nocturns han estat incidint els darrers mesos als barris de Sant Joan Baptista i Sant Adri\u00e0 Nord sobre aspectes del civisme com la circulaci\u00f3 de bicicletes i patinets, la tinen\u00e7a responsable de gossos o la conviv\u00e8ncia a parcs i places.<\/p>\n\n\n\n<p>El passat mes de desembre 134 persones d\u2019aquests barris van respondre una enquesta sobre civisme. Als enquestats se\u2019ls preguntava sobre 5 aspectes del civisme: seguretat ciutadana, soroll, tinen\u00e7a d\u2019animals, seguretat vi\u00e0ria i neteja. En primer lloc, es preguntava si havien vist o viscut en el darrer any experi\u00e8ncies concretes relacionades amb aquests aspectes del civisme; en segon lloc, si aquests actes d\u2019incivisme els preocupaven especialment, si consideraven que afecten la conviv\u00e8ncia al municipi, i per \u00faltim, es demanava una valoraci\u00f3 global entre 0 i 10 punts. Els resultats, comparats amb una enquesta id\u00e8ntica feta el novembre del 2023 a 80 persones dels mateixos barris, s\u00f3n interessants. Les persones transmeten que veuen m\u00e9s fets inc\u00edvics i que els preocupen bastant, alhora que puntuen amb millor nota els diferents aspectes del civisme. Com podem interpretar aquestes dades? S\u00f3n positives? La resposta \u00e9s afirmativa.<\/p>\n\n\n\n<p>El fet que aquests temes preocupin \u00e9s s\u00edmptoma que la sensibilitat pels drets dels altres -com el<strong>&nbsp;dret al descans<\/strong>, a la&nbsp;<strong>salut,<\/strong>&nbsp;a viure en&nbsp;<strong>pau<\/strong>, a la&nbsp;<strong>seguretat<\/strong>, etc.- ha crescut. Aix\u00ed mateix, que s\u2019observin m\u00e9s incid\u00e8ncies \u00e9s s\u00edmptoma que prestem atenci\u00f3 a aquestes accions. El fet que valorem positivament els diferents aspectes del civisme en global mostra que ha augmentat la confian\u00e7a en els nostres ve\u00efns i ve\u00efnes. En definitiva, els resultats de l\u2019enquesta evidencien una ciutat de Sant Adri\u00e0 de Bes\u00f2s m\u00e9s conscienciada i unida entorn<strong>&nbsp;la import\u00e0ncia del civisme<\/strong>, i que ha deixat de normalitzar l\u2019incivisme.<\/p>\n\n\n\n<div><a href=\"https:\/\/www.areabesos.com\/diario\/wp-content\/uploads\/2025\/02\/puntuaciocivisme25-1024x763.png\" class=\"td-modal-image\"><figure class=\"wp-block-image size-large\"><img loading=\"lazy\" decoding=\"async\" width=\"1024\" height=\"763\" src=\"https:\/\/www.areabesos.com\/diario\/wp-content\/uploads\/2025\/02\/puntuaciocivisme25-1024x763.png\" alt=\"\" class=\"wp-image-8328\" srcset=\"https:\/\/www.areabesos.com\/diario\/wp-content\/uploads\/2025\/02\/puntuaciocivisme25-1024x763.png 1024w, https:\/\/www.areabesos.com\/diario\/wp-content\/uploads\/2025\/02\/puntuaciocivisme25-300x224.png 300w, https:\/\/www.areabesos.com\/diario\/wp-content\/uploads\/2025\/02\/puntuaciocivisme25-768x572.png 768w, https:\/\/www.areabesos.com\/diario\/wp-content\/uploads\/2025\/02\/puntuaciocivisme25-150x112.png 150w, https:\/\/www.areabesos.com\/diario\/wp-content\/uploads\/2025\/02\/puntuaciocivisme25-485x360.png 485w, https:\/\/www.areabesos.com\/diario\/wp-content\/uploads\/2025\/02\/puntuaciocivisme25-696x519.png 696w, https:\/\/www.areabesos.com\/diario\/wp-content\/uploads\/2025\/02\/puntuaciocivisme25-1068x796.png 1068w, https:\/\/www.areabesos.com\/diario\/wp-content\/uploads\/2025\/02\/puntuaciocivisme25.png 1200w\" sizes=\"auto, (max-width: 1024px) 100vw, 1024px\" \/><\/figure><\/a><\/div>\n\n\n\n<p>Un altre aspecte dels resultats de l\u2019enquesta que refor\u00e7a aquest tret \u00e9s el gran increment de propostes de millora respecte a l\u2019any passat -hem recollit&nbsp;<strong>m\u00e9s&nbsp;<\/strong><strong>del doble de propostes per persona enquestada-<\/strong>&nbsp;i molt variades. La poblaci\u00f3 t\u00e9 opinions for\u00e7a treballades, coneix els seus&nbsp;<strong>drets i deures<\/strong>&nbsp;i \u00e9s capa\u00e7 de pensar solucions diverses als problemes que afecten la conviv\u00e8ncia a la ciutat. Aix\u00ed com fa un any els enquestats proposaven mesures punitives i pal\u00b7liatives per part de l\u2019Ajuntament, enguany el ve\u00efnat fa moltes&nbsp;<strong>propostes concretes i cr\u00edtiques constructives<\/strong>&nbsp;sobre com millorar la via p\u00fablica i els serveis, alhora que assumeix en major mesura<strong>&nbsp;la responsabilitat que com a ciutadania tenim en la bona conviv\u00e8ncia<\/strong>, i aposta m\u00e9s per donar continu\u00eftat a la tasca d\u2019informaci\u00f3 i conscienciaci\u00f3 realitzada per l\u2019equip de civisme.<\/p>\n\n\n\n<h3 class=\"wp-block-heading\"><strong>Bona valoraci\u00f3 de les campanyes realitzades pels equips d&#8217;agents c\u00edvics<\/strong><\/h3>\n\n\n\n<p class=\" \">Respecte a les campanyes realitzades pels agents c\u00edvics, les m\u00e9s conegudes per la ciutadania s\u00f3n les que fan refer\u00e8ncia a la conviv\u00e8ncia a parcs i places, tant a la tarda com a la nit, i la de tinen\u00e7a responsable d&#8217;animals a les tardes, observades per 4 de cada 10 persones. Aproximadament el 75 % de les persones enquestades opinen que les campanyes dels agents c\u00edvics de tarda com dels nocturns s\u00f3n d\u2019utilitat; el 25 % restant consideren no tenir prou informaci\u00f3 per valorar-les o b\u00e9 que no causen cap efecte. Per acabar, les persones enquestades han valorat amb un 9,1 sobre 10 la tasca realitzada per les agents c\u00edviques de tarda, i amb un 8,8 la dels agents c\u00edvics nocturns o serenos. Ambd\u00f3s equips van finalitzar els seus projectes al municipi, subvencionats per l\u2019\u00c0rea Metropolitana de Barcelona en el marc del programa Pla de barris per a la millora de rendes, el passat 31 de desembre.<\/p>\n","protected":false},"excerpt":{"rendered":"<p>Les agents c\u00edviques de tardes i els agents nocturns han estat incidint els darrers mesos als barris de Sant Joan Baptista i Sant Adri\u00e0 Nord sobre aspectes del civisme com la circulaci\u00f3 de bicicletes i patinets, la tinen\u00e7a responsable de gossos o la conviv\u00e8ncia a parcs i places. El passat mes de desembre 134 persones [&hellip;]<\/p>\n","protected":false},"author":2,"featured_media":8329,"comment_status":"closed","ping_status":"open","sticky":false,"template":"","format":"standard","meta":{"footnotes":""},"categories":[134],"tags":[],"class_list":{"0":"post-8327","1":"post","2":"type-post","3":"status-publish","4":"format-standard","5":"has-post-thumbnail","7":"category-actualitat"},"_links":{"self":[{"href":"https:\/\/www.areabesos.com\/diario\/wp-json\/wp\/v2\/posts\/8327","targetHints":{"allow":["GET"]}}],"collection":[{"href":"https:\/\/www.areabesos.com\/diario\/wp-json\/wp\/v2\/posts"}],"about":[{"href":"https:\/\/www.areabesos.com\/diario\/wp-json\/wp\/v2\/types\/post"}],"author":[{"embeddable":true,"href":"https:\/\/www.areabesos.com\/diario\/wp-json\/wp\/v2\/users\/2"}],"replies":[{"embeddable":true,"href":"https:\/\/www.areabesos.com\/diario\/wp-json\/wp\/v2\/comments?post=8327"}],"version-history":[{"count":1,"href":"https:\/\/www.areabesos.com\/diario\/wp-json\/wp\/v2\/posts\/8327\/revisions"}],"predecessor-version":[{"id":8330,"href":"https:\/\/www.areabesos.com\/diario\/wp-json\/wp\/v2\/posts\/8327\/revisions\/8330"}],"wp:featuredmedia":[{"embeddable":true,"href":"https:\/\/www.areabesos.com\/diario\/wp-json\/wp\/v2\/media\/8329"}],"wp:attachment":[{"href":"https:\/\/www.areabesos.com\/diario\/wp-json\/wp\/v2\/media?parent=8327"}],"wp:term":[{"taxonomy":"category","embeddable":true,"href":"https:\/\/www.areabesos.com\/diario\/wp-json\/wp\/v2\/categories?post=8327"},{"taxonomy":"post_tag","embeddable":true,"href":"https:\/\/www.areabesos.com\/diario\/wp-json\/wp\/v2\/tags?post=8327"}],"curies":[{"name":"wp","href":"https:\/\/api.w.org\/{rel}","templated":true}]}}