{"id":8285,"date":"2025-01-28T10:20:38","date_gmt":"2025-01-28T09:20:38","guid":{"rendered":"https:\/\/www.areabesos.com\/diario\/?p=8285"},"modified":"2025-01-29T11:39:50","modified_gmt":"2025-01-29T10:39:50","slug":"la-sindica-de-greuges-visitara-sant-adria-el-proxim-6-de-febrer","status":"publish","type":"post","link":"https:\/\/www.areabesos.com\/diario\/la-sindica-de-greuges-visitara-sant-adria-el-proxim-6-de-febrer\/","title":{"rendered":"La S\u00edndica de Greuges visitar\u00e0 Sant Adri\u00e0 el pr\u00f2xim 6 de febrer"},"content":{"rendered":"\n<p>El pr\u00f2xim&nbsp;<strong>dijous, 6 de febrer<\/strong>, la S\u00edndica de Greuges de Catalunya ser\u00e0 a Sant Adri\u00e0 de Bes\u00f2s per atendre les persones i entitats que necessitin exposar queixes o fer consultes sobre possibles vulneracions dels seus drets per part d\u2019administracions p\u00fabliques o empreses que presten serveis d\u2019inter\u00e8s general (llum, aigua, gas, etc.).<\/p>\n\n\n\n<p>L&#8217;atenci\u00f3 es far\u00e0 de forma presencial i amb cita pr\u00e8via a l\u2019edifici Polidor (pla\u00e7a Guillermo Vida\u00f1a i Haro, s\/n).<\/p>\n\n\n\n<p>Per demanar cita pr\u00e8via, cal trucar al&nbsp;<strong>900 124 124<\/strong>&nbsp;o enviar un correu electr\u00f2nic a&nbsp;<strong><a>citaprevia@sindic.cat<\/a><\/strong>.<\/p>\n\n\n\n<p>Aquest servei \u00e9s gratu\u00eft i accessible per a totes les persones i entitats del municipi.<\/p>\n","protected":false},"excerpt":{"rendered":"<p>El pr\u00f2xim&nbsp;dijous, 6 de febrer, la S\u00edndica de Greuges de Catalunya ser\u00e0 a Sant Adri\u00e0 de Bes\u00f2s per atendre les persones i entitats que necessitin exposar queixes o fer consultes sobre possibles vulneracions dels seus drets per part d\u2019administracions p\u00fabliques o empreses que presten serveis d\u2019inter\u00e8s general (llum, aigua, gas, etc.). L&#8217;atenci\u00f3 es far\u00e0 de [&hellip;]<\/p>\n","protected":false},"author":2,"featured_media":8286,"comment_status":"closed","ping_status":"open","sticky":false,"template":"","format":"standard","meta":{"footnotes":""},"categories":[134],"tags":[],"class_list":{"0":"post-8285","1":"post","2":"type-post","3":"status-publish","4":"format-standard","5":"has-post-thumbnail","7":"category-actualitat"},"_links":{"self":[{"href":"https:\/\/www.areabesos.com\/diario\/wp-json\/wp\/v2\/posts\/8285","targetHints":{"allow":["GET"]}}],"collection":[{"href":"https:\/\/www.areabesos.com\/diario\/wp-json\/wp\/v2\/posts"}],"about":[{"href":"https:\/\/www.areabesos.com\/diario\/wp-json\/wp\/v2\/types\/post"}],"author":[{"embeddable":true,"href":"https:\/\/www.areabesos.com\/diario\/wp-json\/wp\/v2\/users\/2"}],"replies":[{"embeddable":true,"href":"https:\/\/www.areabesos.com\/diario\/wp-json\/wp\/v2\/comments?post=8285"}],"version-history":[{"count":1,"href":"https:\/\/www.areabesos.com\/diario\/wp-json\/wp\/v2\/posts\/8285\/revisions"}],"predecessor-version":[{"id":8287,"href":"https:\/\/www.areabesos.com\/diario\/wp-json\/wp\/v2\/posts\/8285\/revisions\/8287"}],"wp:featuredmedia":[{"embeddable":true,"href":"https:\/\/www.areabesos.com\/diario\/wp-json\/wp\/v2\/media\/8286"}],"wp:attachment":[{"href":"https:\/\/www.areabesos.com\/diario\/wp-json\/wp\/v2\/media?parent=8285"}],"wp:term":[{"taxonomy":"category","embeddable":true,"href":"https:\/\/www.areabesos.com\/diario\/wp-json\/wp\/v2\/categories?post=8285"},{"taxonomy":"post_tag","embeddable":true,"href":"https:\/\/www.areabesos.com\/diario\/wp-json\/wp\/v2\/tags?post=8285"}],"curies":[{"name":"wp","href":"https:\/\/api.w.org\/{rel}","templated":true}]}}