{"id":8265,"date":"2025-01-29T12:07:14","date_gmt":"2025-01-29T11:07:14","guid":{"rendered":"https:\/\/www.areabesos.com\/diario\/?p=8265"},"modified":"2025-01-29T12:07:14","modified_gmt":"2025-01-29T11:07:14","slug":"lateneu-adrianenc-acull-un-espectacle-amb-imatges-de-joan-guerrero-i-poesia-de-pere-casaldaliga","status":"publish","type":"post","link":"https:\/\/www.areabesos.com\/diario\/lateneu-adrianenc-acull-un-espectacle-amb-imatges-de-joan-guerrero-i-poesia-de-pere-casaldaliga\/","title":{"rendered":"L&#8217;Ateneu Adrianenc acull un espectacle amb imatges de Joan Guerrero i poesia de Pere Casald\u00e0liga"},"content":{"rendered":"\n<p>El proper dissabte, 1 de febrer, l&#8217;Ateneu Adrianenc acollir\u00e0 un espectacle amb imatges, poesia i m\u00fasica en directe. Sota el t\u00edtol de \u00abEls ulls dels pobres\u00bb, la poesia ser\u00e0 de Pere Casald\u00e0liga, les imatges del fot\u00f2graf Joan Guerrero i la m\u00fasica de Josep Pascual, Albert Fab\u00e0 i Manolo Manzano.<\/p>\n\n\n\n<p>Les imatges fan refer\u00e8ncia a paisatges, homes, dones, nens i nenes de diversos pa\u00efsos llatinoamericans. L\u2019espectacle s\u2019inicia amb un homenatge al bisbe Romero, assassinat fa molts anys pel r\u00e8gim militar de El Salvador i es clou amb un parell de poemes dedicats, precisament, a Pere Casald\u00e0liga.<br>Enmig set blocs tem\u00e0tics, on es combinen imatges, poemes, m\u00fasica i alguna can\u00e7\u00f3. Natura, Gents, Nens i nenes, Mans, Parenostre que esteu en el cel, Feinejar i Dones.<br>A l\u2019espectacle hi participen quatre persones. Josep Pascual (autor de la m\u00fasica. Piano). Manolo Manzano (Instruments diversos). Albert Fab\u00e0 (Veu. M\u00fasica de les can\u00e7ons). I Paqui Castro (Coordinaci\u00f3 de les imatges)<\/p>\n\n\n\n<p>L&#8217;espectacle comen\u00e7ar\u00e0 a les 18.30 hores i l&#8217;entrada \u00e9s gratu\u00efta.<\/p>\n","protected":false},"excerpt":{"rendered":"<p>El proper dissabte, 1 de febrer, l&#8217;Ateneu Adrianenc acollir\u00e0 un espectacle amb imatges, poesia i m\u00fasica en directe. Sota el t\u00edtol de \u00abEls ulls dels pobres\u00bb, la poesia ser\u00e0 de Pere Casald\u00e0liga, les imatges del fot\u00f2graf Joan Guerrero i la m\u00fasica de Josep Pascual, Albert Fab\u00e0 i Manolo Manzano. Les imatges fan refer\u00e8ncia a paisatges, [&hellip;]<\/p>\n","protected":false},"author":1,"featured_media":8266,"comment_status":"closed","ping_status":"open","sticky":false,"template":"","format":"standard","meta":{"footnotes":""},"categories":[136],"tags":[],"class_list":{"0":"post-8265","1":"post","2":"type-post","3":"status-publish","4":"format-standard","5":"has-post-thumbnail","7":"category-cultura"},"_links":{"self":[{"href":"https:\/\/www.areabesos.com\/diario\/wp-json\/wp\/v2\/posts\/8265","targetHints":{"allow":["GET"]}}],"collection":[{"href":"https:\/\/www.areabesos.com\/diario\/wp-json\/wp\/v2\/posts"}],"about":[{"href":"https:\/\/www.areabesos.com\/diario\/wp-json\/wp\/v2\/types\/post"}],"author":[{"embeddable":true,"href":"https:\/\/www.areabesos.com\/diario\/wp-json\/wp\/v2\/users\/1"}],"replies":[{"embeddable":true,"href":"https:\/\/www.areabesos.com\/diario\/wp-json\/wp\/v2\/comments?post=8265"}],"version-history":[{"count":2,"href":"https:\/\/www.areabesos.com\/diario\/wp-json\/wp\/v2\/posts\/8265\/revisions"}],"predecessor-version":[{"id":8309,"href":"https:\/\/www.areabesos.com\/diario\/wp-json\/wp\/v2\/posts\/8265\/revisions\/8309"}],"wp:featuredmedia":[{"embeddable":true,"href":"https:\/\/www.areabesos.com\/diario\/wp-json\/wp\/v2\/media\/8266"}],"wp:attachment":[{"href":"https:\/\/www.areabesos.com\/diario\/wp-json\/wp\/v2\/media?parent=8265"}],"wp:term":[{"taxonomy":"category","embeddable":true,"href":"https:\/\/www.areabesos.com\/diario\/wp-json\/wp\/v2\/categories?post=8265"},{"taxonomy":"post_tag","embeddable":true,"href":"https:\/\/www.areabesos.com\/diario\/wp-json\/wp\/v2\/tags?post=8265"}],"curies":[{"name":"wp","href":"https:\/\/api.w.org\/{rel}","templated":true}]}}