{"id":8203,"date":"2024-12-19T09:52:00","date_gmt":"2024-12-19T08:52:00","guid":{"rendered":"https:\/\/www.areabesos.com\/diario\/?p=8203"},"modified":"2024-12-19T10:54:00","modified_gmt":"2024-12-19T09:54:00","slug":"teixit-cultural-eliminacio-damiant-seguretat-viaria-i-equipaments-esportius-les-prioritats-derc-als-pressupostos-municipals-del-2025","status":"publish","type":"post","link":"https:\/\/www.areabesos.com\/diario\/teixit-cultural-eliminacio-damiant-seguretat-viaria-i-equipaments-esportius-les-prioritats-derc-als-pressupostos-municipals-del-2025\/","title":{"rendered":"Teixit cultural, eliminaci\u00f3 d\u2019amiant, seguretat vi\u00e0ria i equipaments esportius: les prioritats d\u2019ERC als pressupostos municipals del 2025"},"content":{"rendered":"\n<p>En el Ple ordinari celebrat el <strong>16 de desembre de 2024<\/strong>, Esquerra Republicana de Sant Adri\u00e0 de Bes\u00f2s va manifestar les seves preocupacions davant l\u2019aprovaci\u00f3 dels <strong>pressupostos municipals per al 2025<\/strong> i del <strong>Pla d&#8217;Actuaci\u00f3 Municipal (PAM) 2023-2027<\/strong>.<\/p>\n\n\n\n<p>Tot i cal recon\u00e8ixer alguns elements positius, ERC ha destacat la manca de concreci\u00f3 i viabilitat econ\u00f2mica en molts dels projectes proposats, aix\u00ed com la desconnexi\u00f3 entre les promeses del govern i la seva possible execuci\u00f3.<\/p>\n\n\n\n<p><strong>Pressupostos 2025: compromisos insuficients i falta de garanties<\/strong><\/p>\n\n\n\n<p>Esquerra Republicana va optar per l\u2019<strong>abstenci\u00f3<\/strong> en la votaci\u00f3 dels pressupostos per responsabilitat, per\u00f2 va advertir que l\u2019equip de govern no pot continuar presentant propostes poc definides ni viables.<\/p>\n\n\n\n<p>El grup municipal va aportar unes propostes al Ple i va reptar a l\u2019equip de govern a aprofitar l\u2019abstenci\u00f3 per generar prou confiances per a fer-se cre\u00efbles complint amb els compromisos que ERC va posar sobre la taula.<\/p>\n\n\n\n<p>El portaveu d\u2019ERC, <strong>Rub\u00e8n Arenas<\/strong>, va expressar en aquest sentit: <em>\u00ab<strong>Aquestes propostes no s\u00f3n una imposici\u00f3, sin\u00f3 punts d\u2019entesa per treballar plegats.<\/strong> La nostra abstenci\u00f3 d\u2019avui no significa un acord complet ni un xec en blanc. \u00c9s un gest de responsabilitat m\u00fatua, una manera de donar marge al govern municipal per actuar, per\u00f2 tamb\u00e9 un av\u00eds: estarem aqu\u00ed, atents i compromesos amb el seguiment de tot all\u00f2 que avui deixem sobre la taula. Tenen un any per complir la seva paraula.\u00bb<\/em><\/p>\n\n\n\n<p>Entre els compromisos defensats per ERC per millorar els pressupostos hi destaquen:<\/p>\n\n\n\n<ul class=\"wp-block-list\">\n<li><strong>Potenciar el teixit associatiu i cultural<\/strong>, com la Festa dels Passadors i l&#8217;impuls de la <strong>Flama del Canig\u00f3<\/strong>.<\/li>\n\n\n\n<li>Crear un <strong>cens de les instal\u00b7lacions d&#8217;amiant<\/strong> a la ciutat i bonificar l&#8217;ICIO per facilitar-ne la retirada.<\/li>\n\n\n\n<li>Millorar la <strong>seguretat vi\u00e0ria<\/strong> amb un pla de senyalitzaci\u00f3 i il\u00b7luminaci\u00f3 dels passos de vianants.<\/li>\n\n\n\n<li>Buscar solucions urgents per a <strong>equipaments esportius abandonats<\/strong>, com el poliesportiu Ricart o les petanques.<\/li>\n<\/ul>\n\n\n\n<p><strong>PAM 2023-2027: Un full de ruta que genera dubtes<\/strong><\/p>\n\n\n\n<p>ERC tamb\u00e9 va ser cr\u00edtica amb el Pla d\u2019Actuaci\u00f3 Municipal presentat, assenyalant que molts dels projectes s\u00f3n repetits de mandats anteriors o mancaven de viabilitat econ\u00f2mica i temporal.<\/p>\n\n\n\n<p>Entre els punts m\u00e9s preocupants destacats per ERC:<\/p>\n\n\n\n<ul class=\"wp-block-list\">\n<li>La manca de garanties per a projectes com la <strong>reobertura de la piscina del Ricart<\/strong>, despr\u00e9s que el govern hagi votat en contra en anteriors ocasions.<\/li>\n\n\n\n<li>La <strong>urbanitzaci\u00f3 de l\u2019avinguda de la Platja<\/strong>, una proposta atractiva per\u00f2 sense recursos assegurats.<\/li>\n\n\n\n<li>La desconnexi\u00f3 entre les promeses i la realitat, com la remodelaci\u00f3 de la pla\u00e7a al carrer Sant Raimon de Penyafort o la millora d\u2019\u00e0rees infantils sense especificar ubicacions concretes.<\/li>\n<\/ul>\n\n\n\n<p><em>\u00abLa ciutadania de Sant Adri\u00e0 necessita projectes clars i realitzables. No podem permetre que aquest PAM sigui un document buit, ple de promeses que no es compliran.\u00bb<\/em> va afirmar Arenas.<\/p>\n\n\n\n<p>Finalment, Esquerra Republicana va insistir en la necessitat d\u2019establir <strong>mecanismes de seguiment<\/strong> i <strong>calendaris clars<\/strong> per garantir l\u2019execuci\u00f3 dels projectes. Els republicans van defensar un <strong>model de ciutat transparent i participatiu<\/strong>, on les decisions es prenguin pensant en el <strong>benestar de la ciutadania<\/strong> i no en titulars f\u00e0cils.<\/p>\n\n\n\n<p>Des d\u2019ERC, s\u2019ha anunciat que es continuar\u00e0 fent un <strong>seguiment exhaustiu<\/strong> del compliment dels compromisos aprovats al Ple i es vetllar\u00e0 perqu\u00e8 els pressupostos i el PAM no quedin en paper mullat.<\/p>\n\n\n\n<p><strong>Precs i preguntes<\/strong><\/p>\n\n\n\n<p>A l&#8217;apartat de precs i preguntes, el Grup Municipal d&#8217;ERC va criticar la manera com l&#8217;equip de govern, aprofitant la seva majoria absoluta, pren decisions importants de forma precipitada a trav\u00e9s d\u2019urg\u00e8ncies i sense respectar les formalitats m\u00ednimes com seria enviar la documentaci\u00f3 amb temps suficient perqu\u00e8 els regidors ho puguin estudiar.<\/p>\n\n\n\n<p>El regidor Antoni V\u00e9lez va destacar: <em>\u00abLa digitalitzaci\u00f3 hauria de servir per fer les coses m\u00e9s f\u00e0cils, no m\u00e9s complicades. L&#8217;administraci\u00f3 electr\u00f2nica no pot ser l&#8217;excusa per portar m\u00e9s urg\u00e8ncies que mai a aquest Ple.\u00bb<\/em><\/p>\n\n\n\n<p>Finalment, ERC va reclamar la neteja dels embornals als barris de La Catalana i Sant Joan Baptista i va preguntar si est\u00e0 prevista la instal\u00b7laci\u00f3 d&#8217;una estaci\u00f3 d&#8217;AMBici al barri de La Catalana a petici\u00f3 dels ve\u00efns.<\/p>\n\n\n\n<p><\/p>\n","protected":false},"excerpt":{"rendered":"<p>En el Ple ordinari celebrat el 16 de desembre de 2024, Esquerra Republicana de Sant Adri\u00e0 de Bes\u00f2s va manifestar les seves preocupacions davant l\u2019aprovaci\u00f3 dels pressupostos municipals per al 2025 i del Pla d&#8217;Actuaci\u00f3 Municipal (PAM) 2023-2027. Tot i cal recon\u00e8ixer alguns elements positius, ERC ha destacat la manca de concreci\u00f3 i viabilitat econ\u00f2mica [&hellip;]<\/p>\n","protected":false},"author":2,"featured_media":8204,"comment_status":"closed","ping_status":"open","sticky":false,"template":"","format":"standard","meta":{"footnotes":""},"categories":[134],"tags":[],"class_list":{"0":"post-8203","1":"post","2":"type-post","3":"status-publish","4":"format-standard","5":"has-post-thumbnail","7":"category-actualitat"},"_links":{"self":[{"href":"https:\/\/www.areabesos.com\/diario\/wp-json\/wp\/v2\/posts\/8203","targetHints":{"allow":["GET"]}}],"collection":[{"href":"https:\/\/www.areabesos.com\/diario\/wp-json\/wp\/v2\/posts"}],"about":[{"href":"https:\/\/www.areabesos.com\/diario\/wp-json\/wp\/v2\/types\/post"}],"author":[{"embeddable":true,"href":"https:\/\/www.areabesos.com\/diario\/wp-json\/wp\/v2\/users\/2"}],"replies":[{"embeddable":true,"href":"https:\/\/www.areabesos.com\/diario\/wp-json\/wp\/v2\/comments?post=8203"}],"version-history":[{"count":1,"href":"https:\/\/www.areabesos.com\/diario\/wp-json\/wp\/v2\/posts\/8203\/revisions"}],"predecessor-version":[{"id":8205,"href":"https:\/\/www.areabesos.com\/diario\/wp-json\/wp\/v2\/posts\/8203\/revisions\/8205"}],"wp:featuredmedia":[{"embeddable":true,"href":"https:\/\/www.areabesos.com\/diario\/wp-json\/wp\/v2\/media\/8204"}],"wp:attachment":[{"href":"https:\/\/www.areabesos.com\/diario\/wp-json\/wp\/v2\/media?parent=8203"}],"wp:term":[{"taxonomy":"category","embeddable":true,"href":"https:\/\/www.areabesos.com\/diario\/wp-json\/wp\/v2\/categories?post=8203"},{"taxonomy":"post_tag","embeddable":true,"href":"https:\/\/www.areabesos.com\/diario\/wp-json\/wp\/v2\/tags?post=8203"}],"curies":[{"name":"wp","href":"https:\/\/api.w.org\/{rel}","templated":true}]}}