{"id":8193,"date":"2024-12-17T10:33:26","date_gmt":"2024-12-17T09:33:26","guid":{"rendered":"https:\/\/www.areabesos.com\/diario\/?p=8193"},"modified":"2024-12-17T10:33:28","modified_gmt":"2024-12-17T09:33:28","slug":"aprovat-el-pressupost-municipal-per-al-2025","status":"publish","type":"post","link":"https:\/\/www.areabesos.com\/diario\/aprovat-el-pressupost-municipal-per-al-2025\/","title":{"rendered":"Aprovat el pressupost municipal per al 2025"},"content":{"rendered":"\n<p>El pressupost municipal de 2025 es va aprovar en la sessi\u00f3 ordin\u00e0ria del ple celebrada el 16 de desembre amb el vot a favor del PSC, l&#8217;abstenci\u00f3 d&#8217;ERC i SAeC i el vot en contra de PP i VOX.&nbsp;<strong>El pressupost&nbsp;<\/strong><strong>d\u2019enguany&nbsp;<\/strong><strong>\u00e9s de 50.577.467 \u20ac i s\u2019incrementa un 2\u201941%<\/strong>&nbsp;<strong>respecte l\u2019any passat<\/strong>&nbsp;(49.330.110 \u20ac any 2024).<\/p>\n\n\n\n<p>\u00c9s un pressupost continuista que garanteix el manteniment de tots els serveis, tots els contractes i totes les instal\u00b7lacions municipals, i que prioritza els tres eixos definits en el Pla d\u2019Actuaci\u00f3 Municipal (PAM) 2023-2027: seguretat, espai p\u00fablic i serveis a les persones.<\/p>\n\n\n\n<p>Pel que fa a les despeses, hi ha un increment de la partida de Personal d\u2019un 7\u201964% respecte al 2024, amb una despesa total de 21.165.587\u20ac, malgrat l\u2019esfor\u00e7 de contenci\u00f3 i optimitzaci\u00f3 dels recursos que s\u2019ha fet. La despesa corrent en b\u00e9ns i serveis i les transfer\u00e8ncies corrents sumen 28.692.472 \u20ac (hi ha una reducci\u00f3 de 304.000\u20ac respecte al 2024). El cap\u00edtol d\u2019 inversions per al 2025 \u00e9s de 646.221 \u20ac (14.138 \u20ac menys que l\u2019any 2024). El regidor d\u2019Hisenda, Hugo Ferrer, va destacar la voluntat, malgrat la limitaci\u00f3 en les inversions, \u00abd\u2019enllestir la implementaci\u00f3 de l\u2019administraci\u00f3 electr\u00f2nica, una nova centraleta telef\u00f2nica, i la millora inform\u00e0tica a l\u2019Ajuntament per donar millor servei a la ciutadania\u00bb, a m\u00e9s a m\u00e9s, va anunciar \u00abmillores per a la Policia local i Protecci\u00f3 Civil de Sant Adri\u00e0, i millores en l\u2019estructura del CEM Bes\u00f2s\u00bb.<\/p>\n\n\n\n<p>Pel que fa als ingressos, es redueix la previsi\u00f3 dels impostos directes i indirectes en un 28% respecte a l\u2019exercici anterior. Tamb\u00e9 hi ha increments importants de les transfer\u00e8ncies corrents (11% respecte al 2024) i dels ingressos de l\u2019Estat (14% respecte al 2024). Ferrer va fer esment durant el ple de \u00abla fortalesa econ\u00f2mica del nostre ajuntament, que un any m\u00e9s no tindr\u00e0 deute, garantint aix\u00ed l\u2019estabilitat a mitj\u00e0 termini\u00bb i va fer una crida perqu\u00e8 els ajuntaments tinguin un finan\u00e7ament millor i m\u00e9s just, ja que s\u00f3n l\u2019administraci\u00f3 m\u00e9s propera al ciutad\u00e0, \u00abnecessitem ajuda per poder fer la tasca de trinxera social dels ve\u00efns i ve\u00efnes\u00bb.<\/p>\n\n\n\n<p><strong><a href=\"http:\/\/sessions.sant-adria.net\/sesiones\/SP_CAT_BARP0819300E0.PLENOS.2024121601?lang=ca-ES\" target=\"_blank\" rel=\"noreferrer noopener\">SESSI\u00d3 PLEN\u00c0RIA DEL 16 DE DESEMBRE<\/a><\/strong><\/p>\n","protected":false},"excerpt":{"rendered":"<p>El pressupost municipal de 2025 es va aprovar en la sessi\u00f3 ordin\u00e0ria del ple celebrada el 16 de desembre amb el vot a favor del PSC, l&#8217;abstenci\u00f3 d&#8217;ERC i SAeC i el vot en contra de PP i VOX.&nbsp;El pressupost&nbsp;d\u2019enguany&nbsp;\u00e9s de 50.577.467 \u20ac i s\u2019incrementa un 2\u201941%&nbsp;respecte l\u2019any passat&nbsp;(49.330.110 \u20ac any 2024). \u00c9s un pressupost [&hellip;]<\/p>\n","protected":false},"author":2,"featured_media":8194,"comment_status":"closed","ping_status":"open","sticky":false,"template":"","format":"standard","meta":{"footnotes":""},"categories":[134],"tags":[],"class_list":{"0":"post-8193","1":"post","2":"type-post","3":"status-publish","4":"format-standard","5":"has-post-thumbnail","7":"category-actualitat"},"_links":{"self":[{"href":"https:\/\/www.areabesos.com\/diario\/wp-json\/wp\/v2\/posts\/8193","targetHints":{"allow":["GET"]}}],"collection":[{"href":"https:\/\/www.areabesos.com\/diario\/wp-json\/wp\/v2\/posts"}],"about":[{"href":"https:\/\/www.areabesos.com\/diario\/wp-json\/wp\/v2\/types\/post"}],"author":[{"embeddable":true,"href":"https:\/\/www.areabesos.com\/diario\/wp-json\/wp\/v2\/users\/2"}],"replies":[{"embeddable":true,"href":"https:\/\/www.areabesos.com\/diario\/wp-json\/wp\/v2\/comments?post=8193"}],"version-history":[{"count":1,"href":"https:\/\/www.areabesos.com\/diario\/wp-json\/wp\/v2\/posts\/8193\/revisions"}],"predecessor-version":[{"id":8195,"href":"https:\/\/www.areabesos.com\/diario\/wp-json\/wp\/v2\/posts\/8193\/revisions\/8195"}],"wp:featuredmedia":[{"embeddable":true,"href":"https:\/\/www.areabesos.com\/diario\/wp-json\/wp\/v2\/media\/8194"}],"wp:attachment":[{"href":"https:\/\/www.areabesos.com\/diario\/wp-json\/wp\/v2\/media?parent=8193"}],"wp:term":[{"taxonomy":"category","embeddable":true,"href":"https:\/\/www.areabesos.com\/diario\/wp-json\/wp\/v2\/categories?post=8193"},{"taxonomy":"post_tag","embeddable":true,"href":"https:\/\/www.areabesos.com\/diario\/wp-json\/wp\/v2\/tags?post=8193"}],"curies":[{"name":"wp","href":"https:\/\/api.w.org\/{rel}","templated":true}]}}