{"id":8185,"date":"2024-12-16T10:40:51","date_gmt":"2024-12-16T09:40:51","guid":{"rendered":"https:\/\/www.areabesos.com\/diario\/?p=8185"},"modified":"2024-12-16T13:42:35","modified_gmt":"2024-12-16T12:42:35","slug":"proteccion-civil-de-sant-adria-arranca-un-proyecto-solidario-de-recogida-de-juguetes-para-los-ninos-afectados-por-la-dana-en-valencia","status":"publish","type":"post","link":"https:\/\/www.areabesos.com\/diario\/proteccion-civil-de-sant-adria-arranca-un-proyecto-solidario-de-recogida-de-juguetes-para-los-ninos-afectados-por-la-dana-en-valencia\/","title":{"rendered":"Protecci\u00f3n Civil de Sant Adri\u00e0 arranca un proyecto solidario de recogida de juguetes para los ni\u00f1os afectados por la DANA en Valencia"},"content":{"rendered":"\n<p>La Associaci\u00f3 Adrianenca Voluntariat de Protecci\u00f3 Civil de Sant Adri\u00e0 de Bes\u00f2s, en colaboraci\u00f3n con la Coordinadora Operativa de AVPC de Catalunya, el Ayuntamiento de Sant Adri\u00e0 de Bes\u00f2s, el Ayuntamiento de Moncada (Valencia), la Asociaci\u00f3n de Agrupaciones de Voluntarios de la Comunidad Valenciana y la Asociaci\u00f3n Nacional de Agrupaciones y Asociaciones de Voluntarios de Protecci\u00f3n Civil de Espa\u00f1a, ha lanzado un proyecto solidario para recoger juguetes destinados a los ni\u00f1os afectados por la DANA en la provincia de Valencia. Una iniciativa \u00abpara llevar alegr\u00eda y esperanza a los ni\u00f1os y ni\u00f1as m\u00e1s vulnerables de los pueblos afectados de Valencia el pr\u00f3ximo 4 de enero\u00bb, comentan desde la entidad.<\/p>\n\n\n\n<p>Los juguetes, nuevo y no b\u00e9licos, pueden llevarse a la sede social de Protecci\u00f3n Civil, en la pla\u00e7a Moss\u00e8n Anton, n\u00famero 7, en el barrio de Sant Joan Baptista de Sant Adri\u00e0 de Bes\u00f2s, todos los d\u00edas hasta el 3 de enero de 17.30 a 19.30 horas. Si no es posible desplazarse, puede mandarse un mensaje de WhatsApp al 600588947 y un voluntario pasar\u00e1 a recogerlo.  <\/p>\n\n\n\n<p>\u00abEse d\u00eda, el 4 de enero de 2025, diferentes equipos de Protecci\u00f3n Civil a nivel nacional se unir\u00e1n para repartir no solo juguetes, sino tambi\u00e9n sonrisas, humanidad y esperanza. Porque la ilusi\u00f3n de un ni\u00f1o al abrir un regalo puede durar un instante, pero el recuerdo de ese momento les acompa\u00f1ar\u00e1 toda la vida. Te invitamos a formar parte de esta iniciativa. Cada juguete cuenta y cada gesto suma. Ay\u00fadanos a demostrar que, juntos, podemos transformar un peque\u00f1o esfuerzo en algo enorme: el brillo en los ojos de un ni\u00f1o que vuelve a so\u00f1ar. Muchas gracias por vuestra solidaridad y colaboraci\u00f3n, contamos con tu apoyo\u00bb. Un llamamiento a la solidaridad de todos.  <\/p>\n\n\n\n<p><strong>Colaborando con la Marat\u00f3 de TV3<\/strong><\/p>\n\n\n\n<p>La entidad tambi\u00e9n ha querido colaborar un a\u00f1o m\u00e1s con la Marat\u00f3 de TV3, que este a\u00f1o estaba dedicada a las enfermedades respiratorias. Ayer, en la plaza de la Vila, llevaron a cabo actividades dirigidas a toda la ciudadan\u00eda como un taller para construir un ti\u00f3 y figuritas de escayola, as\u00ed como un juego educativo sobre el 112.<\/p>\n\n\n\n<figure class=\"wp-block-gallery has-nested-images columns-default is-cropped td-modal-on-gallery wp-block-gallery-1 is-layout-flex wp-block-gallery-is-layout-flex\">\n<figure class=\"wp-block-image size-large\"><img loading=\"lazy\" decoding=\"async\" width=\"1024\" height=\"768\" data-id=\"8190\" src=\"https:\/\/www.areabesos.com\/diario\/wp-content\/uploads\/2024\/12\/marato2024-1024x768.jpg\" alt=\"\" class=\"wp-image-8190\" srcset=\"https:\/\/www.areabesos.com\/diario\/wp-content\/uploads\/2024\/12\/marato2024-1024x768.jpg 1024w, https:\/\/www.areabesos.com\/diario\/wp-content\/uploads\/2024\/12\/marato2024-300x225.jpg 300w, https:\/\/www.areabesos.com\/diario\/wp-content\/uploads\/2024\/12\/marato2024-768x576.jpg 768w, https:\/\/www.areabesos.com\/diario\/wp-content\/uploads\/2024\/12\/marato2024-1536x1152.jpg 1536w, https:\/\/www.areabesos.com\/diario\/wp-content\/uploads\/2024\/12\/marato2024-150x113.jpg 150w, https:\/\/www.areabesos.com\/diario\/wp-content\/uploads\/2024\/12\/marato2024-696x522.jpg 696w, https:\/\/www.areabesos.com\/diario\/wp-content\/uploads\/2024\/12\/marato2024-1068x801.jpg 1068w, https:\/\/www.areabesos.com\/diario\/wp-content\/uploads\/2024\/12\/marato2024.jpg 1600w\" sizes=\"auto, (max-width: 1024px) 100vw, 1024px\" \/><\/figure>\n\n\n\n<figure class=\"wp-block-image size-large\"><img loading=\"lazy\" decoding=\"async\" width=\"1024\" height=\"768\" data-id=\"8191\" src=\"https:\/\/www.areabesos.com\/diario\/wp-content\/uploads\/2024\/12\/marato2024_02-1024x768.jpg\" alt=\"\" class=\"wp-image-8191\" srcset=\"https:\/\/www.areabesos.com\/diario\/wp-content\/uploads\/2024\/12\/marato2024_02-1024x768.jpg 1024w, https:\/\/www.areabesos.com\/diario\/wp-content\/uploads\/2024\/12\/marato2024_02-300x225.jpg 300w, https:\/\/www.areabesos.com\/diario\/wp-content\/uploads\/2024\/12\/marato2024_02-768x576.jpg 768w, https:\/\/www.areabesos.com\/diario\/wp-content\/uploads\/2024\/12\/marato2024_02-1536x1152.jpg 1536w, https:\/\/www.areabesos.com\/diario\/wp-content\/uploads\/2024\/12\/marato2024_02-150x113.jpg 150w, https:\/\/www.areabesos.com\/diario\/wp-content\/uploads\/2024\/12\/marato2024_02-696x522.jpg 696w, https:\/\/www.areabesos.com\/diario\/wp-content\/uploads\/2024\/12\/marato2024_02-1068x801.jpg 1068w, https:\/\/www.areabesos.com\/diario\/wp-content\/uploads\/2024\/12\/marato2024_02.jpg 1600w\" sizes=\"auto, (max-width: 1024px) 100vw, 1024px\" \/><\/figure>\n<\/figure>\n\n\n\n<p> <\/p>\n\n\n\n<p><\/p>\n","protected":false},"excerpt":{"rendered":"<p>La Associaci\u00f3 Adrianenca Voluntariat de Protecci\u00f3 Civil de Sant Adri\u00e0 de Bes\u00f2s, en colaboraci\u00f3n con la Coordinadora Operativa de AVPC de Catalunya, el Ayuntamiento de Sant Adri\u00e0 de Bes\u00f2s, el Ayuntamiento de Moncada (Valencia), la Asociaci\u00f3n de Agrupaciones de Voluntarios de la Comunidad Valenciana y la Asociaci\u00f3n Nacional de Agrupaciones y Asociaciones de Voluntarios de [&hellip;]<\/p>\n","protected":false},"author":1,"featured_media":8187,"comment_status":"closed","ping_status":"open","sticky":false,"template":"","format":"standard","meta":{"footnotes":""},"categories":[134,135],"tags":[],"class_list":{"0":"post-8185","1":"post","2":"type-post","3":"status-publish","4":"format-standard","5":"has-post-thumbnail","7":"category-actualitat","8":"category-societat"},"_links":{"self":[{"href":"https:\/\/www.areabesos.com\/diario\/wp-json\/wp\/v2\/posts\/8185","targetHints":{"allow":["GET"]}}],"collection":[{"href":"https:\/\/www.areabesos.com\/diario\/wp-json\/wp\/v2\/posts"}],"about":[{"href":"https:\/\/www.areabesos.com\/diario\/wp-json\/wp\/v2\/types\/post"}],"author":[{"embeddable":true,"href":"https:\/\/www.areabesos.com\/diario\/wp-json\/wp\/v2\/users\/1"}],"replies":[{"embeddable":true,"href":"https:\/\/www.areabesos.com\/diario\/wp-json\/wp\/v2\/comments?post=8185"}],"version-history":[{"count":2,"href":"https:\/\/www.areabesos.com\/diario\/wp-json\/wp\/v2\/posts\/8185\/revisions"}],"predecessor-version":[{"id":8192,"href":"https:\/\/www.areabesos.com\/diario\/wp-json\/wp\/v2\/posts\/8185\/revisions\/8192"}],"wp:featuredmedia":[{"embeddable":true,"href":"https:\/\/www.areabesos.com\/diario\/wp-json\/wp\/v2\/media\/8187"}],"wp:attachment":[{"href":"https:\/\/www.areabesos.com\/diario\/wp-json\/wp\/v2\/media?parent=8185"}],"wp:term":[{"taxonomy":"category","embeddable":true,"href":"https:\/\/www.areabesos.com\/diario\/wp-json\/wp\/v2\/categories?post=8185"},{"taxonomy":"post_tag","embeddable":true,"href":"https:\/\/www.areabesos.com\/diario\/wp-json\/wp\/v2\/tags?post=8185"}],"curies":[{"name":"wp","href":"https:\/\/api.w.org\/{rel}","templated":true}]}}