{"id":8174,"date":"2024-12-10T12:10:16","date_gmt":"2024-12-10T11:10:16","guid":{"rendered":"https:\/\/www.areabesos.com\/diario\/?p=8174"},"modified":"2024-12-10T12:10:17","modified_gmt":"2024-12-10T11:10:17","slug":"trilogia-de-nadal-2024-de-lescola-municipal-de-musica-benet-bails","status":"publish","type":"post","link":"https:\/\/www.areabesos.com\/diario\/trilogia-de-nadal-2024-de-lescola-municipal-de-musica-benet-bails\/","title":{"rendered":"\u00abTrilogia de Nadal 2024\u00bb de l\u2019Escola Municipal de M\u00fasica Benet Bails"},"content":{"rendered":"\n<p>Una trilogia \u00e9s un conjunt de tres obres art\u00edstiques que formen una unitat sobre la base d&#8217;algun element del seu contingut: continu\u00eftat argumental, coincid\u00e8ncia del protagonista, etc. En aquest cas, la m\u00fasica, l&#8217;alumnat i l&#8217;escola s\u00f3n l&#8217;element en com\u00fa.<\/p>\n\n\n\n<p>Aquest curs,&nbsp;per segon any consecutiu, podreu&nbsp;gaudir de tres concerts&nbsp;de Nadal amb diferents agrupacions instrumentals:<\/p>\n\n\n\n<h3 class=\"wp-block-heading\"><strong>Combo<\/strong>&nbsp;<strong>de<\/strong>&nbsp;<strong>corda<\/strong><\/h3>\n\n\n\n<p class=\" \">Divendres 13 de desembre, a les 19 h al Casal de Cultura, concert de Nadal<strong>,<\/strong>&nbsp;a&nbsp;c\u00e0rrec del Combo de Corda Benet Bails.<\/p>\n\n\n\n<h3 class=\"wp-block-heading\"><strong>Conjunts<\/strong>&nbsp;<strong>instrumentals<\/strong>&nbsp;<strong>de<\/strong>&nbsp;<strong>corda<\/strong>&nbsp;<strong>i<\/strong>&nbsp;<strong>vent<\/strong><\/h3>\n\n\n\n<p class=\" \">Dijous 19 de desembre, a les 19 h, al Complex Esportiu Ricart, concert de Nadal a c\u00e0rrec dels conjunts instrumentals de corda i vent.<\/p>\n\n\n\n<h3 class=\"wp-block-heading\">Benet Bails Big Band<\/h3>\n\n\n\n<p class=\" \">Divendres 20 de desembre, a les 19 h, al Casal de Cultura, concert de Nadal a c\u00e0rrec de la Benet Bails Big Band.<br><br>Els concerts estan oberts a tota la ciutadania. <\/p>\n","protected":false},"excerpt":{"rendered":"<p>Una trilogia \u00e9s un conjunt de tres obres art\u00edstiques que formen una unitat sobre la base d&#8217;algun element del seu contingut: continu\u00eftat argumental, coincid\u00e8ncia del protagonista, etc. En aquest cas, la m\u00fasica, l&#8217;alumnat i l&#8217;escola s\u00f3n l&#8217;element en com\u00fa. Aquest curs,&nbsp;per segon any consecutiu, podreu&nbsp;gaudir de tres concerts&nbsp;de Nadal amb diferents agrupacions instrumentals: Combo&nbsp;de&nbsp;corda Divendres [&hellip;]<\/p>\n","protected":false},"author":2,"featured_media":8175,"comment_status":"closed","ping_status":"open","sticky":false,"template":"","format":"standard","meta":{"footnotes":""},"categories":[136],"tags":[],"class_list":{"0":"post-8174","1":"post","2":"type-post","3":"status-publish","4":"format-standard","5":"has-post-thumbnail","7":"category-cultura"},"_links":{"self":[{"href":"https:\/\/www.areabesos.com\/diario\/wp-json\/wp\/v2\/posts\/8174","targetHints":{"allow":["GET"]}}],"collection":[{"href":"https:\/\/www.areabesos.com\/diario\/wp-json\/wp\/v2\/posts"}],"about":[{"href":"https:\/\/www.areabesos.com\/diario\/wp-json\/wp\/v2\/types\/post"}],"author":[{"embeddable":true,"href":"https:\/\/www.areabesos.com\/diario\/wp-json\/wp\/v2\/users\/2"}],"replies":[{"embeddable":true,"href":"https:\/\/www.areabesos.com\/diario\/wp-json\/wp\/v2\/comments?post=8174"}],"version-history":[{"count":1,"href":"https:\/\/www.areabesos.com\/diario\/wp-json\/wp\/v2\/posts\/8174\/revisions"}],"predecessor-version":[{"id":8176,"href":"https:\/\/www.areabesos.com\/diario\/wp-json\/wp\/v2\/posts\/8174\/revisions\/8176"}],"wp:featuredmedia":[{"embeddable":true,"href":"https:\/\/www.areabesos.com\/diario\/wp-json\/wp\/v2\/media\/8175"}],"wp:attachment":[{"href":"https:\/\/www.areabesos.com\/diario\/wp-json\/wp\/v2\/media?parent=8174"}],"wp:term":[{"taxonomy":"category","embeddable":true,"href":"https:\/\/www.areabesos.com\/diario\/wp-json\/wp\/v2\/categories?post=8174"},{"taxonomy":"post_tag","embeddable":true,"href":"https:\/\/www.areabesos.com\/diario\/wp-json\/wp\/v2\/tags?post=8174"}],"curies":[{"name":"wp","href":"https:\/\/api.w.org\/{rel}","templated":true}]}}