{"id":8167,"date":"2024-12-05T10:58:33","date_gmt":"2024-12-05T09:58:33","guid":{"rendered":"https:\/\/www.areabesos.com\/diario\/?p=8167"},"modified":"2024-12-05T10:58:34","modified_gmt":"2024-12-05T09:58:34","slug":"el-projecte-de-les-tres-xemeneies-centra-la-visita-de-la-delegada-pilar-diaz-a-sant-adria-de-besos","status":"publish","type":"post","link":"https:\/\/www.areabesos.com\/diario\/el-projecte-de-les-tres-xemeneies-centra-la-visita-de-la-delegada-pilar-diaz-a-sant-adria-de-besos\/","title":{"rendered":"El projecte de les Tres Xemeneies centra la visita de la delegada Pilar D\u00edaz a Sant Adri\u00e0 de Bes\u00f2s"},"content":{"rendered":"\n<figure class=\"wp-block-table\"><table class=\"has-fixed-layout\"><tbody><tr><td>La delegada del Govern a Barcelona, <strong>Pilar D\u00edaz Romero<\/strong>, s\u2019ha reunit amb l\u2019alcaldessa de <strong>Sant Adri\u00e0 de Bes\u00f2s<\/strong>, <strong>Filo Ca\u00f1ete Carrillo<\/strong>, aquest dimecres, 4 de desembre. En la visita, la delegada ha abordat l\u2019estat del projecte urban\u00edstic de la zona de les Tres Xemeneies i ha recorregut diferents barris del municipi.<br>En la reuni\u00f3 celebrada a l\u2019Ajuntament de Sant Adri\u00e0 de Bes\u00f2s, la delegada i l\u2019alcaldessa han repassat q\u00fcestions referents a l\u2019\u00e0mbit sanitari, aix\u00ed com a l\u2019urbanisme. En aquest sentit, la trobada s\u2019ha centrat en l\u2019estat del projecte urban\u00edstic de l\u2019\u00e0rea de l\u2019antiga central t\u00e8rmica de les <strong>Tres Xemeneies<\/strong>.<br>Despr\u00e9s de la reuni\u00f3 de treball, la delegada ha visitat l\u2019espai de les Tres Xemeneies, el barri de<strong> la Catalana<\/strong>, el campus de la <strong>Universitat Polit\u00e8cnica de Catalunya<\/strong> (UPC) i el barri de <strong>la Mina<\/strong>, concretament, el nou Centre d\u2019Atenci\u00f3 Prim\u00e0ria (CAP). D\u00edaz ha recollit les necessitats d\u2019aquests punts del municipi i les traslladar\u00e0 als departaments corresponents per donar resposta a les preocupacions del consistori.<br><strong>Catalunya Media City a les Tres Xemeneies<\/strong><br><a href=\"https:\/\/govern.cat\/salapremsa\/notes-premsa\/650822\/consellera-paneque-visita-tres-xemeneies-lespai-desenvolupara-nou-barri\">Tal com apuntava el Departament de Territori, Habitatge i Transici\u00f3 Ecol\u00f2gica durant la visita de la consellera S\u00edlvia Paneque<\/a>, l\u2019instrument de planejament clau per impulsar la transformaci\u00f3 d\u2019aquesta gran \u00e0rea, el Pla director urban\u00edstic (PDU) de les Tres Xemeneies, va ser aprovat el mar\u00e7 de 2023. No obstant aix\u00f2, abans de comen\u00e7ar les obres cal redactar i aprovar altres instruments de planejament i de gesti\u00f3, com s\u00f3n els projectes d\u2019urbanitzaci\u00f3 i reparcel\u00b7laci\u00f3.<br>A l\u2019edifici de les Tres Xemeneies, els departaments de <strong>Territori, Habitatge i Transici\u00f3 Ecol\u00f2gica<\/strong> i <strong>Cultura <\/strong>impulsen conjuntament el projecte del <strong>Hub Digital<\/strong>, de l\u2019Audiovisual i el Videojoc, anomenat tamb\u00e9 <strong>Catalunya Media City<\/strong>. \u00c9s un projecte de pa\u00eds basat en la col\u00b7laboraci\u00f3 publicoprivada que t\u00e9 per objectiu que Catalunya disposi d\u2019un centre referent a nivell internacional en producci\u00f3, recerca, capacitaci\u00f3 i especialitzaci\u00f3 professional i serveis per als sectors audiovisuals i de continguts digitals. Un parc tecnol\u00f2gic i formatiu de nova generaci\u00f3, dotat d\u2019infraestructures i serveis avan\u00e7ats amb vincles en l&#8217;\u00e0mbit local, regional i internacional.<br>Ja s\u2019ha fet la cessi\u00f3 anticipada a favor de la <strong>Generalitat de Catalunya <\/strong>del s\u00f2l d\u2019equipament corresponent a l\u2019antiga nau de turbines (situada just davant de les Tres Xemeneies), la qual cosa permet comen\u00e7ar a concretar la configuraci\u00f3 d\u2019aquest hub.<\/td><\/tr><\/tbody><\/table><\/figure>\n","protected":false},"excerpt":{"rendered":"<p>La delegada del Govern a Barcelona, Pilar D\u00edaz Romero, s\u2019ha reunit amb l\u2019alcaldessa de Sant Adri\u00e0 de Bes\u00f2s, Filo Ca\u00f1ete Carrillo, aquest dimecres, 4 de desembre. En la visita, la delegada ha abordat l\u2019estat del projecte urban\u00edstic de la zona de les Tres Xemeneies i ha recorregut diferents barris del municipi.En la reuni\u00f3 celebrada a [&hellip;]<\/p>\n","protected":false},"author":2,"featured_media":8168,"comment_status":"closed","ping_status":"open","sticky":false,"template":"","format":"standard","meta":{"footnotes":""},"categories":[134],"tags":[],"class_list":{"0":"post-8167","1":"post","2":"type-post","3":"status-publish","4":"format-standard","5":"has-post-thumbnail","7":"category-actualitat"},"_links":{"self":[{"href":"https:\/\/www.areabesos.com\/diario\/wp-json\/wp\/v2\/posts\/8167","targetHints":{"allow":["GET"]}}],"collection":[{"href":"https:\/\/www.areabesos.com\/diario\/wp-json\/wp\/v2\/posts"}],"about":[{"href":"https:\/\/www.areabesos.com\/diario\/wp-json\/wp\/v2\/types\/post"}],"author":[{"embeddable":true,"href":"https:\/\/www.areabesos.com\/diario\/wp-json\/wp\/v2\/users\/2"}],"replies":[{"embeddable":true,"href":"https:\/\/www.areabesos.com\/diario\/wp-json\/wp\/v2\/comments?post=8167"}],"version-history":[{"count":1,"href":"https:\/\/www.areabesos.com\/diario\/wp-json\/wp\/v2\/posts\/8167\/revisions"}],"predecessor-version":[{"id":8169,"href":"https:\/\/www.areabesos.com\/diario\/wp-json\/wp\/v2\/posts\/8167\/revisions\/8169"}],"wp:featuredmedia":[{"embeddable":true,"href":"https:\/\/www.areabesos.com\/diario\/wp-json\/wp\/v2\/media\/8168"}],"wp:attachment":[{"href":"https:\/\/www.areabesos.com\/diario\/wp-json\/wp\/v2\/media?parent=8167"}],"wp:term":[{"taxonomy":"category","embeddable":true,"href":"https:\/\/www.areabesos.com\/diario\/wp-json\/wp\/v2\/categories?post=8167"},{"taxonomy":"post_tag","embeddable":true,"href":"https:\/\/www.areabesos.com\/diario\/wp-json\/wp\/v2\/tags?post=8167"}],"curies":[{"name":"wp","href":"https:\/\/api.w.org\/{rel}","templated":true}]}}