{"id":8118,"date":"2024-11-20T11:18:29","date_gmt":"2024-11-20T10:18:29","guid":{"rendered":"https:\/\/www.areabesos.com\/diario\/?p=8118"},"modified":"2024-11-20T11:18:30","modified_gmt":"2024-11-20T10:18:30","slug":"sant-adria-impulsa-lesport-femeni-per-a-adolescents-amb-el-programa-efna","status":"publish","type":"post","link":"https:\/\/www.areabesos.com\/diario\/sant-adria-impulsa-lesport-femeni-per-a-adolescents-amb-el-programa-efna\/","title":{"rendered":"Sant Adri\u00e0 impulsa l\u2019esport femen\u00ed per a adolescents amb el programa EFNA"},"content":{"rendered":"\n<p>L\u2019Ajuntament de Sant Adri\u00e0 de Bes\u00f2s, a trav\u00e9s de la regidoria d\u2019Esports, ha creat el programa&nbsp;<strong>Esport femen\u00ed noies adolescents (EFNA)<\/strong>, un projecte que pret\u00e9n fomentar la pr\u00e0ctica esportiva entre les joves de la ciutat d&#8217;entre 12 i 18 anys i que l\u2019Ajuntament vol consolidar en els propers anys.<\/p>\n\n\n\n<p>El programa s\u2019iniciar\u00e0 el pr\u00f2xim 25 de novembre al&nbsp;<strong>Poliesportiu Marina Bes\u00f2s<\/strong>&nbsp;(C. Dolores Ibarruri s\/n) i es desenvolupar\u00e0 durant els mesos de novembre i desembre.<\/p>\n\n\n\n<p>Les activitats han estat escollides a partir d\u2019una enquesta que van respondre 195 noies de les escoles de Sant Adri\u00e0, que van mostrar inter\u00e8s per diferents disciplines esportives. Les activitats m\u00e9s votades i que es duran a terme s\u00f3n:<\/p>\n\n\n\n<ul class=\"wp-block-list\">\n<li><strong>Defensa Personal<\/strong><\/li>\n\n\n\n<li><strong>Box Training<\/strong><\/li>\n\n\n\n<li><strong>Zumba\/ReggaetonDance<\/strong><\/li>\n\n\n\n<li><strong>Aquagym<\/strong><\/li>\n<\/ul>\n\n\n\n<p>Les sessions es realitzaran els&nbsp;<strong>dimarts, dimecres i dijous<\/strong>, de&nbsp;<strong>15.00 h a 18.00 h<\/strong>, al Poliesportiu Marina Bes\u00f2s. A m\u00e9s, es podr\u00e0 fer \u00fas lliure de la instal\u00b7laci\u00f3 de dilluns a diumenge, tot i que l\u2019acc\u00e9s a la sala de fitness est\u00e0 limitat a noies a partir de 15 anys.<\/p>\n\n\n\n<p><strong>Abonament Girls Fit: reserva la teva pla\u00e7a<\/strong><br>El programa inclou l\u2019<strong>abonament Girls Fit<\/strong>, amb un horari exclusiu de&nbsp;<strong>15.00 h a 18.00 h<\/strong>. L\u2019abonament ser\u00e0 gratu\u00eft fins al 31 de desembre, amb un l\u00edmit de&nbsp;<strong>90 places disponibles<\/strong>.<\/p>\n\n\n\n<p>La inscripci\u00f3 per a les places gratu\u00eftes s\u2019obrir\u00e0 el&nbsp;<strong>18 de novembre<\/strong>&nbsp;i est\u00e0 oberta tant a les noies que han participat en l\u2019enquesta com a aquelles que no ho han fet. Per reservar pla\u00e7a, nom\u00e9s cal omplir el seg\u00fcent formulari:<br><a href=\"https:\/\/forms.gle\/w3fNKqAXBRAUH28X7\">Reserva la teva pla\u00e7a aqu\u00ed<\/a>.<\/p>\n","protected":false},"excerpt":{"rendered":"<p>L\u2019Ajuntament de Sant Adri\u00e0 de Bes\u00f2s, a trav\u00e9s de la regidoria d\u2019Esports, ha creat el programa&nbsp;Esport femen\u00ed noies adolescents (EFNA), un projecte que pret\u00e9n fomentar la pr\u00e0ctica esportiva entre les joves de la ciutat d&#8217;entre 12 i 18 anys i que l\u2019Ajuntament vol consolidar en els propers anys. El programa s\u2019iniciar\u00e0 el pr\u00f2xim 25 de [&hellip;]<\/p>\n","protected":false},"author":2,"featured_media":8119,"comment_status":"closed","ping_status":"open","sticky":false,"template":"","format":"standard","meta":{"footnotes":""},"categories":[137],"tags":[],"class_list":{"0":"post-8118","1":"post","2":"type-post","3":"status-publish","4":"format-standard","5":"has-post-thumbnail","7":"category-esports"},"_links":{"self":[{"href":"https:\/\/www.areabesos.com\/diario\/wp-json\/wp\/v2\/posts\/8118","targetHints":{"allow":["GET"]}}],"collection":[{"href":"https:\/\/www.areabesos.com\/diario\/wp-json\/wp\/v2\/posts"}],"about":[{"href":"https:\/\/www.areabesos.com\/diario\/wp-json\/wp\/v2\/types\/post"}],"author":[{"embeddable":true,"href":"https:\/\/www.areabesos.com\/diario\/wp-json\/wp\/v2\/users\/2"}],"replies":[{"embeddable":true,"href":"https:\/\/www.areabesos.com\/diario\/wp-json\/wp\/v2\/comments?post=8118"}],"version-history":[{"count":1,"href":"https:\/\/www.areabesos.com\/diario\/wp-json\/wp\/v2\/posts\/8118\/revisions"}],"predecessor-version":[{"id":8120,"href":"https:\/\/www.areabesos.com\/diario\/wp-json\/wp\/v2\/posts\/8118\/revisions\/8120"}],"wp:featuredmedia":[{"embeddable":true,"href":"https:\/\/www.areabesos.com\/diario\/wp-json\/wp\/v2\/media\/8119"}],"wp:attachment":[{"href":"https:\/\/www.areabesos.com\/diario\/wp-json\/wp\/v2\/media?parent=8118"}],"wp:term":[{"taxonomy":"category","embeddable":true,"href":"https:\/\/www.areabesos.com\/diario\/wp-json\/wp\/v2\/categories?post=8118"},{"taxonomy":"post_tag","embeddable":true,"href":"https:\/\/www.areabesos.com\/diario\/wp-json\/wp\/v2\/tags?post=8118"}],"curies":[{"name":"wp","href":"https:\/\/api.w.org\/{rel}","templated":true}]}}