{"id":8106,"date":"2024-11-15T13:36:58","date_gmt":"2024-11-15T12:36:58","guid":{"rendered":"https:\/\/www.areabesos.com\/diario\/?p=8106"},"modified":"2024-11-18T11:00:57","modified_gmt":"2024-11-18T10:00:57","slug":"sant-adria-dona-el-tret-de-sortida-al-nadal-amb-lencesa-de-llums","status":"publish","type":"post","link":"https:\/\/www.areabesos.com\/diario\/sant-adria-dona-el-tret-de-sortida-al-nadal-amb-lencesa-de-llums\/","title":{"rendered":"Sant Adri\u00e0 dona el tret de sortida al Nadal amb l&#8217;encesa de llums"},"content":{"rendered":"\n<p>El proper 22 de novembre se celebrar\u00e0 l&#8217;encesa de llums de Nadal. Les activitats comen\u00e7aran a les 17.30 h, a la pl. Maci\u00e0 amb la Xaranga \u00abHo peta\u00bb que far\u00e0 un recorregut fins arribar a la pl. de la Vila, sobre les 18.20 h, on tindr\u00e0 lloc l&#8217;acte d&#8217;encesa dels llums i a partir de les 19 h s&#8217;instal\u00b7lar\u00e0 una disco m\u00f2bil amb m\u00fasica per a tots els p\u00fablics.<\/p>\n\n\n\n<p>S&#8217; il\u00b7luminaran carrers de tots els barris de la ciutat que romandran encesos fins despr\u00e9s de la diada de Reis.&nbsp;Enguany s&#8217;ampliar\u00e0 el nombre de vies on s&#8217;instal\u00b7lar\u00e0 l&#8217;enllumenat nadalenc, als carrers de l&#8217;any passat se sumen els seg\u00fcents:&nbsp;pl. de Charlie Rivel, pl. Maria \u00c0ngels Rosell Simplicio, pl.&nbsp;Pius XII,&nbsp;c.&nbsp;Perpiny\u00e0 i&nbsp;c.&nbsp;Goya.&nbsp;L&#8217;ornamentaci\u00f3 es posar\u00e0 com altres anys a la pl. de&nbsp;la Vila i&nbsp;a&nbsp;la&nbsp;pl.&nbsp;del Mercat.<\/p>\n\n\n\n<p>Els llums, que seran de tipus led i per tant amb un baix consum el\u00e8ctric, estaran encesos tota la nit, com en edicions anteriors, ja que el cost \u00e9s menor que programar en cada carrer l&#8217;apagada i l&#8217;encesa a una hora determinada.<\/p>\n\n\n\n<p><\/p>\n","protected":false},"excerpt":{"rendered":"<p>El proper 22 de novembre se celebrar\u00e0 l&#8217;encesa de llums de Nadal. Les activitats comen\u00e7aran a les 17.30 h, a la pl. Maci\u00e0 amb la Xaranga \u00abHo peta\u00bb que far\u00e0 un recorregut fins arribar a la pl. de la Vila, sobre les 18.20 h, on tindr\u00e0 lloc l&#8217;acte d&#8217;encesa dels llums i a partir de [&hellip;]<\/p>\n","protected":false},"author":1,"featured_media":8108,"comment_status":"closed","ping_status":"open","sticky":false,"template":"","format":"standard","meta":{"footnotes":""},"categories":[134],"tags":[],"class_list":{"0":"post-8106","1":"post","2":"type-post","3":"status-publish","4":"format-standard","5":"has-post-thumbnail","7":"category-actualitat"},"_links":{"self":[{"href":"https:\/\/www.areabesos.com\/diario\/wp-json\/wp\/v2\/posts\/8106","targetHints":{"allow":["GET"]}}],"collection":[{"href":"https:\/\/www.areabesos.com\/diario\/wp-json\/wp\/v2\/posts"}],"about":[{"href":"https:\/\/www.areabesos.com\/diario\/wp-json\/wp\/v2\/types\/post"}],"author":[{"embeddable":true,"href":"https:\/\/www.areabesos.com\/diario\/wp-json\/wp\/v2\/users\/1"}],"replies":[{"embeddable":true,"href":"https:\/\/www.areabesos.com\/diario\/wp-json\/wp\/v2\/comments?post=8106"}],"version-history":[{"count":2,"href":"https:\/\/www.areabesos.com\/diario\/wp-json\/wp\/v2\/posts\/8106\/revisions"}],"predecessor-version":[{"id":8110,"href":"https:\/\/www.areabesos.com\/diario\/wp-json\/wp\/v2\/posts\/8106\/revisions\/8110"}],"wp:featuredmedia":[{"embeddable":true,"href":"https:\/\/www.areabesos.com\/diario\/wp-json\/wp\/v2\/media\/8108"}],"wp:attachment":[{"href":"https:\/\/www.areabesos.com\/diario\/wp-json\/wp\/v2\/media?parent=8106"}],"wp:term":[{"taxonomy":"category","embeddable":true,"href":"https:\/\/www.areabesos.com\/diario\/wp-json\/wp\/v2\/categories?post=8106"},{"taxonomy":"post_tag","embeddable":true,"href":"https:\/\/www.areabesos.com\/diario\/wp-json\/wp\/v2\/tags?post=8106"}],"curies":[{"name":"wp","href":"https:\/\/api.w.org\/{rel}","templated":true}]}}