{"id":7984,"date":"2024-10-14T10:32:26","date_gmt":"2024-10-14T08:32:26","guid":{"rendered":"https:\/\/www.areabesos.com\/diario\/?p=7984"},"modified":"2024-10-18T10:33:35","modified_gmt":"2024-10-18T08:33:35","slug":"erc-sant-adria-homenatja-el-president-lluis-companys-amb-una-ofrena-floral-en-el-84e-aniversari-del-seu-assassinat","status":"publish","type":"post","link":"https:\/\/www.areabesos.com\/diario\/erc-sant-adria-homenatja-el-president-lluis-companys-amb-una-ofrena-floral-en-el-84e-aniversari-del-seu-assassinat\/","title":{"rendered":"ERC Sant Adri\u00e0 homenatja el President Llu\u00eds Companys amb una ofrena floral en el 84\u00e8 aniversari del seu assassinat"},"content":{"rendered":"\n<p>La secci\u00f3 local d&#8217;Esquerra Republicana de Catalunya a Sant Adri\u00e0 de Bes\u00f2s ha realitzat, com cada any, una ofrena floral al monument dedicat al President Llu\u00eds Companys, en commemoraci\u00f3 del 84\u00e8 aniversari del seu assassinat.<\/p>\n\n\n\n<p>Aquest acte, que s\u2019ha convertit en una cita fixa del calendari republic\u00e0 a la nostra ciutat, serveix per retre homenatge a la figura d\u2019un l\u00edder comprom\u00e8s amb la defensa dels drets del poble catal\u00e0 i la just\u00edcia social.<\/p>\n\n\n\n<p><strong>Un acte de record i comprom\u00eds amb els valors republicans<\/strong><\/p>\n\n\n\n<p>L&#8217;acte, celebrat al monument situat al barri de Sant Joan Baptista, ha comptat amb la participaci\u00f3 de membres de la secci\u00f3 local d\u2019ERC, \u00e9s un moment de recordatori i reflexi\u00f3 col\u00b7lectiva sobre el llegat de Llu\u00eds Companys, un president que va defensar la sobirania i la dignitat del poble catal\u00e0 fins a les \u00faltimes conseq\u00fc\u00e8ncies.<\/p>\n\n\n\n<p><strong>Defensar la mem\u00f2ria hist\u00f2rica per enfortir el futur democr\u00e0tic<\/strong><\/p>\n\n\n\n<p>La commemoraci\u00f3 d\u2019aquest 84\u00e8 aniversari no nom\u00e9s posa en valor la figura del president Companys, sin\u00f3 que tamb\u00e9 recorda la import\u00e0ncia de preservar la mem\u00f2ria hist\u00f2rica.<\/p>\n\n\n\n<p>Per a Esquerra Republicana, el reconeixement dels fets del passat \u00e9s fonamental per construir un futur m\u00e9s just i democr\u00e0tic.<\/p>\n\n\n\n<p>En aquest sentit, la secci\u00f3 local de Sant Adri\u00e0 reafirma la seva voluntat de continuar lluitant per una Catalunya lliure i inclusiva, en defensa dels valors que van guiar la vida de Companys.<\/p>\n\n\n\n<p><strong>Un acte simb\u00f2lic per mantenir viva la flama del republicanisme<\/strong><\/p>\n\n\n\n<p>La figura de Llu\u00eds Companys \u00e9s un referent per a tots els qui creuen en una societat m\u00e9s justa i igualit\u00e0ria. L\u2019ofrena floral d&#8217;aquest any ha estat un acte carregat de simbolisme, recordant la vig\u00e8ncia dels ideals republicans en l\u2019actualitat i la necessitat de continuar treballant perqu\u00e8 aquests es facin realitat.<\/p>\n\n\n\n<p>Es tracta d\u2019un homenatge no nom\u00e9s a una persona, sin\u00f3 a tot un projecte pol\u00edtic que encara avui inspira a les noves generacions.<\/p>\n\n\n\n<p>Amb aquesta acci\u00f3, ERC Sant Adri\u00e0 reitera el seu comprom\u00eds amb els valors republicans i amb la mem\u00f2ria d\u2019aquells que, com el president Companys, van lluitar per la llibertat i la dignitat del poble catal\u00e0.<\/p>\n\n\n\n<p>Per una Catalunya lliure i justa, en record del President Companys.<\/p>\n","protected":false},"excerpt":{"rendered":"<p>La secci\u00f3 local d&#8217;Esquerra Republicana de Catalunya a Sant Adri\u00e0 de Bes\u00f2s ha realitzat, com cada any, una ofrena floral al monument dedicat al President Llu\u00eds Companys, en commemoraci\u00f3 del 84\u00e8 aniversari del seu assassinat. Aquest acte, que s\u2019ha convertit en una cita fixa del calendari republic\u00e0 a la nostra ciutat, serveix per retre homenatge [&hellip;]<\/p>\n","protected":false},"author":1,"featured_media":7985,"comment_status":"closed","ping_status":"open","sticky":false,"template":"","format":"standard","meta":{"footnotes":""},"categories":[134],"tags":[],"class_list":{"0":"post-7984","1":"post","2":"type-post","3":"status-publish","4":"format-standard","5":"has-post-thumbnail","7":"category-actualitat"},"_links":{"self":[{"href":"https:\/\/www.areabesos.com\/diario\/wp-json\/wp\/v2\/posts\/7984","targetHints":{"allow":["GET"]}}],"collection":[{"href":"https:\/\/www.areabesos.com\/diario\/wp-json\/wp\/v2\/posts"}],"about":[{"href":"https:\/\/www.areabesos.com\/diario\/wp-json\/wp\/v2\/types\/post"}],"author":[{"embeddable":true,"href":"https:\/\/www.areabesos.com\/diario\/wp-json\/wp\/v2\/users\/1"}],"replies":[{"embeddable":true,"href":"https:\/\/www.areabesos.com\/diario\/wp-json\/wp\/v2\/comments?post=7984"}],"version-history":[{"count":1,"href":"https:\/\/www.areabesos.com\/diario\/wp-json\/wp\/v2\/posts\/7984\/revisions"}],"predecessor-version":[{"id":7986,"href":"https:\/\/www.areabesos.com\/diario\/wp-json\/wp\/v2\/posts\/7984\/revisions\/7986"}],"wp:featuredmedia":[{"embeddable":true,"href":"https:\/\/www.areabesos.com\/diario\/wp-json\/wp\/v2\/media\/7985"}],"wp:attachment":[{"href":"https:\/\/www.areabesos.com\/diario\/wp-json\/wp\/v2\/media?parent=7984"}],"wp:term":[{"taxonomy":"category","embeddable":true,"href":"https:\/\/www.areabesos.com\/diario\/wp-json\/wp\/v2\/categories?post=7984"},{"taxonomy":"post_tag","embeddable":true,"href":"https:\/\/www.areabesos.com\/diario\/wp-json\/wp\/v2\/tags?post=7984"}],"curies":[{"name":"wp","href":"https:\/\/api.w.org\/{rel}","templated":true}]}}