{"id":7972,"date":"2024-10-15T10:16:33","date_gmt":"2024-10-15T08:16:33","guid":{"rendered":"https:\/\/www.areabesos.com\/diario\/?p=7972"},"modified":"2024-10-16T10:18:37","modified_gmt":"2024-10-16T08:18:37","slug":"llarena-y-peinado-dos-jueces-poco-eficaces","status":"publish","type":"post","link":"https:\/\/www.areabesos.com\/diario\/llarena-y-peinado-dos-jueces-poco-eficaces\/","title":{"rendered":"Llarena y Peinado, dos jueces poco eficaces"},"content":{"rendered":"\n<p>Antes de escribir este t\u00edtulo deber\u00eda haber tenido en cuenta que no conozco las verdaderas intenciones de ambos jueces pues, tal como dice la RAE, \u201ceficacia\u201d es \u201cla capacidad de lograr el efecto que se desea o se espera\u201d, y esta definici\u00f3n se refiere m\u00e1s a lo que puedan desear o esperar quienes act\u00faan, siendo ambos, adem\u00e1s, tan \u201cindependientes\u201d, que a lo que podamos desear o esperar quienes solo miramos.<\/p>\n\n\n\n<p>Comenzando por Llarena, seguro que usted coincide conmigo en que lo que deber\u00eda estar deseando o esperando desde hace a\u00f1os es que Carles Puigdemont compareciera ante la justicia espa\u00f1ola, pues ante otras de Europa lo ha hecho en varias ocasiones y no le ha ocurrido nada.<\/p>\n\n\n\n<p>Pero, sorprendentemente, desde esta misma pantalla en la que leo lo que voy escribiendo abro la del Consejo General del Poder Judicial del d\u00eda 19 de julio de 2018 y leo el siguiente titular:<\/p>\n\n\n\n<p><em>\u201cEl juez del Tribunal Supremo Pablo Llarena rechaza la entrega de Carles Puigdemont solo por el delito de malversaci\u00f3n. El magistrado destaca la \u201cfalta de compromiso\u201d del tribunal alem\u00e1n que decidi\u00f3 sobre la euroorden dictada contra el expresidente de la Generalitat\u201d.<\/em><\/p>\n\n\n\n<p>Soy de la opini\u00f3n de que aquella decisi\u00f3n unilateral, que sepamos, del propio Llarena, hubiera sido suficiente para que este juez colgara la toga para siempre, salvo que nos demuestre que aquel mismo d\u00eda veraniego de hace m\u00e1s de seis a\u00f1os recibi\u00f3 un aviso directo desde el cuartel general de la OTAN advirtiendo que, si aceptaba la propuesta del juez germano, enviar\u00edan los tanques para liberar por fin a Catalunya de las garras de los borbones sin necesidad de un solo disparo.<\/p>\n\n\n\n<p>No s\u00e9 si el resto de la carrera judicial de Llarena ha sido tan notable como las de Iniesta o Nadal, cada uno en su deporte y ahora que ambos acaban de pasar p\u00e1gina, pero si coincido con ellos les preguntar\u00e9 si lo han hecho para ense\u00f1arle a este juez la manera de retirarse en olor de multitudes.<\/p>\n\n\n\n<p>Mientras tanto, solo me queda pensar que lo que en realidad busca Llarena es ejecutar, \u00e9l en persona, una \u201csentencia\u201d que no necesita dictarse: la de la persecuci\u00f3n sin descanso del pol\u00edtico catal\u00e1n m\u00e1s importante, adem\u00e1s de independentista y exiliado. A fin de cuentas, y descartada la excusa Atl\u00e1ntica, Llarena sabe que, si hubiera aceptado la oferta del juez alem\u00e1n, Puigdemont se le habr\u00eda terminado escapando de las manos, aunque fuera para pasar a las de otros jueces hispanos.<\/p>\n\n\n\n<p>Y sigue sin querer hacerlo, pues con su oposici\u00f3n a que se aplique la amnist\u00eda porque ahora s\u00ed se conformar\u00eda con que a Puigdemont se le pudiera acusar de malversaci\u00f3n, no solo demuestra la prepotencia que gui\u00f3 su decisi\u00f3n en 2018, sino que pierde la oportunidad de que el ex president de la Generalitat pise el suelo sometido a su jurisdicci\u00f3n, con lo que podr\u00eda detenerlo al primer tropiezo, aunque sea inventado, que no ser\u00eda la primera vez.<\/p>\n\n\n\n<p>Por ejemplo, todo hace pensar que le hubiera gustado hacerlo cuando vino a la investidura de Salvador Illa.<\/p>\n\n\n\n<p>Aunque tambi\u00e9n puede ocurrir que \u201cLlarena\u201d sea el nuevo nombre de \u201cEspa\u00f1a\u201d y el miedo a una revoluci\u00f3n total y ganadora en Catalunya si se produjera la detenci\u00f3n de Puigdemont tras ser amnistiado est\u00e9 presente no solo en su cabeza jur\u00eddica. &nbsp;<\/p>\n\n\n\n<p>Finalizar\u00e9 pidiendo disculpas por anunciar lo de Peinado, pero la verdad es que comienzas a pensar en Llarena y es un no parar, as\u00ed que lo del perseguidor m\u00e1s destacado de Pedro S\u00e1nchez lo dejaremos para otra entrega, pues tambi\u00e9n es verdad que hay que darle m\u00e1s tiempo para descubrir lo que realmente pretende.<\/p>\n\n\n\n<p>De momento, sigo sin comprender que prefiriera una negativa a declarar del presidente del Gobierno en lugar de una declaraci\u00f3n por escrito que ten\u00eda asegurada. Tengo entendido que a este Peinado le queda poco para jubilarse y quiz\u00e1s lo \u00fanico que quer\u00eda era conocer el Palacio de la Moncloa en persona.<\/p>\n\n\n\n<p>Se me ocurre aconsejar a Pedro S\u00e1nchez que, al igual que se organiza una vez al a\u00f1o en el Congreso, convoque visitas guiadas al complejo de La Moncloa desde donde gobierna. Es probable que, con esta propuesta, consiga reducir la n\u00f3mina de perseguidores sin descanso que, como Llarena a Puigdemont, parece que solo buscan excusas para poder acosarlo.<\/p>\n\n\n\n<p><span style=\"background-color:#050000\" class=\"td_text_highlight_marker\">Domingo Sanz<\/span><\/p>\n","protected":false},"excerpt":{"rendered":"<p>Antes de escribir este t\u00edtulo deber\u00eda haber tenido en cuenta que no conozco las verdaderas intenciones de ambos jueces pues, tal como dice la RAE, \u201ceficacia\u201d es \u201cla capacidad de lograr el efecto que se desea o se espera\u201d, y esta definici\u00f3n se refiere m\u00e1s a lo que puedan desear o esperar quienes act\u00faan, siendo [&hellip;]<\/p>\n","protected":false},"author":2,"featured_media":7973,"comment_status":"closed","ping_status":"open","sticky":false,"template":"","format":"standard","meta":{"footnotes":""},"categories":[139],"tags":[],"class_list":{"0":"post-7972","1":"post","2":"type-post","3":"status-publish","4":"format-standard","5":"has-post-thumbnail","7":"category-opinio"},"_links":{"self":[{"href":"https:\/\/www.areabesos.com\/diario\/wp-json\/wp\/v2\/posts\/7972","targetHints":{"allow":["GET"]}}],"collection":[{"href":"https:\/\/www.areabesos.com\/diario\/wp-json\/wp\/v2\/posts"}],"about":[{"href":"https:\/\/www.areabesos.com\/diario\/wp-json\/wp\/v2\/types\/post"}],"author":[{"embeddable":true,"href":"https:\/\/www.areabesos.com\/diario\/wp-json\/wp\/v2\/users\/2"}],"replies":[{"embeddable":true,"href":"https:\/\/www.areabesos.com\/diario\/wp-json\/wp\/v2\/comments?post=7972"}],"version-history":[{"count":1,"href":"https:\/\/www.areabesos.com\/diario\/wp-json\/wp\/v2\/posts\/7972\/revisions"}],"predecessor-version":[{"id":7974,"href":"https:\/\/www.areabesos.com\/diario\/wp-json\/wp\/v2\/posts\/7972\/revisions\/7974"}],"wp:featuredmedia":[{"embeddable":true,"href":"https:\/\/www.areabesos.com\/diario\/wp-json\/wp\/v2\/media\/7973"}],"wp:attachment":[{"href":"https:\/\/www.areabesos.com\/diario\/wp-json\/wp\/v2\/media?parent=7972"}],"wp:term":[{"taxonomy":"category","embeddable":true,"href":"https:\/\/www.areabesos.com\/diario\/wp-json\/wp\/v2\/categories?post=7972"},{"taxonomy":"post_tag","embeddable":true,"href":"https:\/\/www.areabesos.com\/diario\/wp-json\/wp\/v2\/tags?post=7972"}],"curies":[{"name":"wp","href":"https:\/\/api.w.org\/{rel}","templated":true}]}}