{"id":7969,"date":"2024-10-15T10:07:12","date_gmt":"2024-10-15T08:07:12","guid":{"rendered":"https:\/\/www.areabesos.com\/diario\/?p=7969"},"modified":"2024-10-16T10:18:52","modified_gmt":"2024-10-16T08:18:52","slug":"historias-de-un-jubilado-13-4","status":"publish","type":"post","link":"https:\/\/www.areabesos.com\/diario\/historias-de-un-jubilado-13-4\/","title":{"rendered":"Historias de un jubilado 1,3 (4)"},"content":{"rendered":"\n<p>Hoy les voy a relatar una historia del compresor del aire acondicionado del autom\u00f3vil.<\/p>\n\n\n\n<p>Hac\u00eda d\u00edas que lo pon\u00eda en marcha y tardaba en enfriar el aire del autom\u00f3vil. Estaba de vacaciones y decid\u00ed que me miraran para ver si le faltaba recarga, lo dej\u00e9 en el taller y a media ma\u00f1ana me indicaron que me pasara. Al llegar, el encargado me dijo que el compresor fallaba y que se ten\u00eda que cambiar y cargar de gas.<\/p>\n\n\n\n<p>Me hizo un presupuesto y sub\u00eda aproximadamente 775 euros m\u00e1s IVA. Pregunt\u00e9 si hab\u00edan reparados y me indicaron que en los meses de agosto y septiembre ser\u00eda dif\u00edcil gestionar este tipo de soluci\u00f3n. Les indiqu\u00e9 que ya les dir\u00eda algo.<\/p>\n\n\n\n<p>Llam\u00e9 a mi mec\u00e1nico y por suerte a\u00fan trabajaba. Baj\u00e9 al taller al d\u00eda siguiente y le coment\u00e9 todo lo que me hab\u00eda pasado, le dej\u00e9 el coche y a la hora volv\u00ed. Me dijo: \u00abdame 80 euros y en paz\u00bb. Le pregunt\u00e9 qu\u00e9 hab\u00eda pasado y me dijo que hab\u00eda 140 gramos de gas, recarg\u00f3 y hasta ahora sigue funcionando.<\/p>\n\n\n\n<p>Sub\u00ed para la zona de vacaciones y fui al taller, ped\u00ed por el encargado, sali\u00f3 y le pregunt\u00e9 por qu\u00e9 sab\u00eda que fallaba el compresor y me dijo \u00abporque no pod\u00eda cargar ni vaciar el gas\u00bb. Le ped\u00ed que me ense\u00f1ara los latiguillos de rosca que se acoplan en el compresor y vi que no eran los de mi coche ya que los m\u00edos tienen un pin que empuja para poder recargar. Me dijo que lo sent\u00eda y que le disculpara.<\/p>\n\n\n\n<p>Supongo que si hubiera pagado todo hubiera funcionado perfecto y todos felices \u2026 como siempre supongo que no le pasa a todo el mundo, pero pasa.<\/p>\n\n\n\n<p><span style=\"background-color:#0d0000\" class=\"td_text_highlight_marker\">Jos\u00e9 Meg\u00edas<\/span><\/p>\n\n\n\n<p><\/p>\n","protected":false},"excerpt":{"rendered":"<p>Hoy les voy a relatar una historia del compresor del aire acondicionado del autom\u00f3vil. Hac\u00eda d\u00edas que lo pon\u00eda en marcha y tardaba en enfriar el aire del autom\u00f3vil. Estaba de vacaciones y decid\u00ed que me miraran para ver si le faltaba recarga, lo dej\u00e9 en el taller y a media ma\u00f1ana me indicaron que [&hellip;]<\/p>\n","protected":false},"author":2,"featured_media":7970,"comment_status":"closed","ping_status":"open","sticky":false,"template":"","format":"standard","meta":{"footnotes":""},"categories":[139],"tags":[],"class_list":{"0":"post-7969","1":"post","2":"type-post","3":"status-publish","4":"format-standard","5":"has-post-thumbnail","7":"category-opinio"},"_links":{"self":[{"href":"https:\/\/www.areabesos.com\/diario\/wp-json\/wp\/v2\/posts\/7969","targetHints":{"allow":["GET"]}}],"collection":[{"href":"https:\/\/www.areabesos.com\/diario\/wp-json\/wp\/v2\/posts"}],"about":[{"href":"https:\/\/www.areabesos.com\/diario\/wp-json\/wp\/v2\/types\/post"}],"author":[{"embeddable":true,"href":"https:\/\/www.areabesos.com\/diario\/wp-json\/wp\/v2\/users\/2"}],"replies":[{"embeddable":true,"href":"https:\/\/www.areabesos.com\/diario\/wp-json\/wp\/v2\/comments?post=7969"}],"version-history":[{"count":1,"href":"https:\/\/www.areabesos.com\/diario\/wp-json\/wp\/v2\/posts\/7969\/revisions"}],"predecessor-version":[{"id":7971,"href":"https:\/\/www.areabesos.com\/diario\/wp-json\/wp\/v2\/posts\/7969\/revisions\/7971"}],"wp:featuredmedia":[{"embeddable":true,"href":"https:\/\/www.areabesos.com\/diario\/wp-json\/wp\/v2\/media\/7970"}],"wp:attachment":[{"href":"https:\/\/www.areabesos.com\/diario\/wp-json\/wp\/v2\/media?parent=7969"}],"wp:term":[{"taxonomy":"category","embeddable":true,"href":"https:\/\/www.areabesos.com\/diario\/wp-json\/wp\/v2\/categories?post=7969"},{"taxonomy":"post_tag","embeddable":true,"href":"https:\/\/www.areabesos.com\/diario\/wp-json\/wp\/v2\/tags?post=7969"}],"curies":[{"name":"wp","href":"https:\/\/api.w.org\/{rel}","templated":true}]}}