{"id":7962,"date":"2024-10-11T10:56:59","date_gmt":"2024-10-11T08:56:59","guid":{"rendered":"https:\/\/www.areabesos.com\/diario\/?p=7962"},"modified":"2024-10-11T10:57:00","modified_gmt":"2024-10-11T08:57:00","slug":"el-tanatori-del-litoral-organitza-un-acte-en-commemoracio-del-dia-mundial-del-dol-gestacional-perinatal-i-neonatal","status":"publish","type":"post","link":"https:\/\/www.areabesos.com\/diario\/el-tanatori-del-litoral-organitza-un-acte-en-commemoracio-del-dia-mundial-del-dol-gestacional-perinatal-i-neonatal\/","title":{"rendered":"El Tanatori del Litoral organitza un acte en commemoraci\u00f3 del Dia Mundial del Dol Gestacional, Perinatal i Neonatal"},"content":{"rendered":"\n<p>El proper dimarts <strong>15 d\u2019octubre<\/strong>, a les <strong>17.30 hores<\/strong>, el <strong>Tanatori del Litoral <\/strong>de Sant Adri\u00e0 de Bes\u00f2s organitzar\u00e0 un acte en reconeixement als fills i filles morts prematurament. Ser\u00e0 a l\u2019espai memorial dedicat al dol gestacional, perinatal i neonatal que tot just fa un any es va inaugurar als jardins d\u2019aquest equipament funerari.<\/p>\n\n\n\n<p>L\u2019acte-homenatge, obert a tothom i dirigit principalment a les fam\u00edlies en dol, tindr\u00e0 lloc en el marc del <strong>Dia Mundial per a la Conscienciaci\u00f3 sobre la Mort Gestacional, Perinatal i Neonatal<\/strong> i acollir\u00e0 la lectura de textos i poesies amb m\u00fasica en directe. Comptar\u00e0 amb la pres\u00e8ncia de l\u2019alcaldessa de Sant Adri\u00e0 de Bes\u00f2s, <strong>Filo Ca\u00f1ete<\/strong>, i de diversos representants del govern municipal, com la regidora d\u2019Igualtat, <strong>Paula Dieste<\/strong>, i la regidora de Serveis Socials, <strong>Anabel Jurado<\/strong>, aix\u00ed com el responsable del Tanatori del Litoral, <strong>Xavi Prats<\/strong>,<strong> <\/strong>i <strong>Ana Gassi\u00f3<\/strong>, directora general de PFB Serveis Funeraris, empresa cogestora de l\u2019equipament. Aix\u00ed mateix, tamb\u00e9 hi assistiran representants d\u2019entitats d\u2019ajuda i acompanyament al dol gestacional, perinatal i neonatal, com <strong>Associaci\u00f3 Ania<\/strong>, <strong>Petits amb llum<\/strong> i <strong>A contracor<\/strong>.<\/p>\n","protected":false},"excerpt":{"rendered":"<p>El proper dimarts 15 d\u2019octubre, a les 17.30 hores, el Tanatori del Litoral de Sant Adri\u00e0 de Bes\u00f2s organitzar\u00e0 un acte en reconeixement als fills i filles morts prematurament. Ser\u00e0 a l\u2019espai memorial dedicat al dol gestacional, perinatal i neonatal que tot just fa un any es va inaugurar als jardins d\u2019aquest equipament funerari. L\u2019acte-homenatge, [&hellip;]<\/p>\n","protected":false},"author":2,"featured_media":7963,"comment_status":"closed","ping_status":"open","sticky":false,"template":"","format":"standard","meta":{"footnotes":""},"categories":[135],"tags":[],"class_list":{"0":"post-7962","1":"post","2":"type-post","3":"status-publish","4":"format-standard","5":"has-post-thumbnail","7":"category-societat"},"_links":{"self":[{"href":"https:\/\/www.areabesos.com\/diario\/wp-json\/wp\/v2\/posts\/7962","targetHints":{"allow":["GET"]}}],"collection":[{"href":"https:\/\/www.areabesos.com\/diario\/wp-json\/wp\/v2\/posts"}],"about":[{"href":"https:\/\/www.areabesos.com\/diario\/wp-json\/wp\/v2\/types\/post"}],"author":[{"embeddable":true,"href":"https:\/\/www.areabesos.com\/diario\/wp-json\/wp\/v2\/users\/2"}],"replies":[{"embeddable":true,"href":"https:\/\/www.areabesos.com\/diario\/wp-json\/wp\/v2\/comments?post=7962"}],"version-history":[{"count":1,"href":"https:\/\/www.areabesos.com\/diario\/wp-json\/wp\/v2\/posts\/7962\/revisions"}],"predecessor-version":[{"id":7964,"href":"https:\/\/www.areabesos.com\/diario\/wp-json\/wp\/v2\/posts\/7962\/revisions\/7964"}],"wp:featuredmedia":[{"embeddable":true,"href":"https:\/\/www.areabesos.com\/diario\/wp-json\/wp\/v2\/media\/7963"}],"wp:attachment":[{"href":"https:\/\/www.areabesos.com\/diario\/wp-json\/wp\/v2\/media?parent=7962"}],"wp:term":[{"taxonomy":"category","embeddable":true,"href":"https:\/\/www.areabesos.com\/diario\/wp-json\/wp\/v2\/categories?post=7962"},{"taxonomy":"post_tag","embeddable":true,"href":"https:\/\/www.areabesos.com\/diario\/wp-json\/wp\/v2\/tags?post=7962"}],"curies":[{"name":"wp","href":"https:\/\/api.w.org\/{rel}","templated":true}]}}