{"id":7959,"date":"2024-10-09T12:08:17","date_gmt":"2024-10-09T10:08:17","guid":{"rendered":"https:\/\/www.areabesos.com\/diario\/?p=7959"},"modified":"2024-10-09T12:08:18","modified_gmt":"2024-10-09T10:08:18","slug":"lagrupacio-fotografica-sant-adria-acull-una-exposicio-de-la-penya-fotografica-de-badalona","status":"publish","type":"post","link":"https:\/\/www.areabesos.com\/diario\/lagrupacio-fotografica-sant-adria-acull-una-exposicio-de-la-penya-fotografica-de-badalona\/","title":{"rendered":"L&#8217;Agrupaci\u00f3 Fotogr\u00e0fica Sant Adri\u00e0 acull una exposici\u00f3 de la Penya Fotogr\u00e0fica de Badalona"},"content":{"rendered":"\n<p>Aquest proper dijous, 10 d&#8217;octubre, a les 19.30 hores, es dur\u00e0 a terme a la seu de l&#8217;Agrupaci\u00f3 Fotogr\u00e0fica Sant Joan Baptista de Sant Adri\u00e0 (c.Dr. Barraquer, 6) la inauguraci\u00f3 d&#8217;una exposici\u00f3 col\u00b7lectiva de la Penya Fotogr\u00e0fica de Badalona. <\/p>\n\n\n\n<p>La mostra es podr\u00e0 visitar fins el proper 31 d&#8217;octubre.<\/p>\n","protected":false},"excerpt":{"rendered":"<p>Aquest proper dijous, 10 d&#8217;octubre, a les 19.30 hores, es dur\u00e0 a terme a la seu de l&#8217;Agrupaci\u00f3 Fotogr\u00e0fica Sant Joan Baptista de Sant Adri\u00e0 (c.Dr. Barraquer, 6) la inauguraci\u00f3 d&#8217;una exposici\u00f3 col\u00b7lectiva de la Penya Fotogr\u00e0fica de Badalona. La mostra es podr\u00e0 visitar fins el proper 31 d&#8217;octubre.<\/p>\n","protected":false},"author":2,"featured_media":7960,"comment_status":"closed","ping_status":"open","sticky":false,"template":"","format":"standard","meta":{"footnotes":""},"categories":[136],"tags":[],"class_list":{"0":"post-7959","1":"post","2":"type-post","3":"status-publish","4":"format-standard","5":"has-post-thumbnail","7":"category-cultura"},"_links":{"self":[{"href":"https:\/\/www.areabesos.com\/diario\/wp-json\/wp\/v2\/posts\/7959","targetHints":{"allow":["GET"]}}],"collection":[{"href":"https:\/\/www.areabesos.com\/diario\/wp-json\/wp\/v2\/posts"}],"about":[{"href":"https:\/\/www.areabesos.com\/diario\/wp-json\/wp\/v2\/types\/post"}],"author":[{"embeddable":true,"href":"https:\/\/www.areabesos.com\/diario\/wp-json\/wp\/v2\/users\/2"}],"replies":[{"embeddable":true,"href":"https:\/\/www.areabesos.com\/diario\/wp-json\/wp\/v2\/comments?post=7959"}],"version-history":[{"count":1,"href":"https:\/\/www.areabesos.com\/diario\/wp-json\/wp\/v2\/posts\/7959\/revisions"}],"predecessor-version":[{"id":7961,"href":"https:\/\/www.areabesos.com\/diario\/wp-json\/wp\/v2\/posts\/7959\/revisions\/7961"}],"wp:featuredmedia":[{"embeddable":true,"href":"https:\/\/www.areabesos.com\/diario\/wp-json\/wp\/v2\/media\/7960"}],"wp:attachment":[{"href":"https:\/\/www.areabesos.com\/diario\/wp-json\/wp\/v2\/media?parent=7959"}],"wp:term":[{"taxonomy":"category","embeddable":true,"href":"https:\/\/www.areabesos.com\/diario\/wp-json\/wp\/v2\/categories?post=7959"},{"taxonomy":"post_tag","embeddable":true,"href":"https:\/\/www.areabesos.com\/diario\/wp-json\/wp\/v2\/tags?post=7959"}],"curies":[{"name":"wp","href":"https:\/\/api.w.org\/{rel}","templated":true}]}}