{"id":7956,"date":"2024-10-09T12:05:07","date_gmt":"2024-10-09T10:05:07","guid":{"rendered":"https:\/\/www.areabesos.com\/diario\/?p=7956"},"modified":"2024-10-09T12:05:08","modified_gmt":"2024-10-09T10:05:08","slug":"aquesta-tardor-torna-la-ruta-tapa-2024","status":"publish","type":"post","link":"https:\/\/www.areabesos.com\/diario\/aquesta-tardor-torna-la-ruta-tapa-2024\/","title":{"rendered":"Aquesta tardor torna la Ruta Tapa 2024"},"content":{"rendered":"\n<p>L&#8217;edici\u00f3 de tardor de la Ruta Tapa es portar\u00e0 a terme del dijous 28 de novembre al diumenge 1 de desembre.<br><br>Els establiments interessats han d&#8217;omplir el formulari d&#8217;inscripci\u00f3 i fer-lo arribar a l&#8217;ajuntament, fins al 28 d&#8217;octubre,&nbsp; per les vies seg\u00fcents:<br><br>&nbsp;&nbsp;&nbsp; Mitjan\u00e7ant inst\u00e0ncia gen\u00e8rica a la&nbsp;<a href=\"https:\/\/seu.sant-adria.net\/sta\/CarpetaPublic\/Login?APP_CODE=STA&amp;PAGE_CODE=CATALOGO&amp;DETALLE=6269000004720238707777\" target=\"_blank\" rel=\"noreferrer noopener\">seu electr\u00f2nica<\/a><br>&nbsp;&nbsp;&nbsp; Mitjan\u00e7ant correu electr\u00f2nic a l&#8217;adre\u00e7a&nbsp;<a href=\"mailto:promocioeconomica@sant-adria.net\" target=\"_blank\" rel=\"noreferrer noopener\">promocioeconomica@sant-adria.net<\/a><br>&nbsp;&nbsp;&nbsp; Presencialment:<br>&nbsp;&nbsp;&nbsp; A l&#8217;Oficina d&#8217;Atenci\u00f3 al Ciutad\u00e0 a la planta baixa de l&#8217;Ajuntament<br>&nbsp;&nbsp;&nbsp; Als serveis de Promoci\u00f3 Econ\u00f2mica a l&#8217;Edifici Bes\u00f2s (pla\u00e7a Francesc Micheli i Jove, s\/n)<br><br>Per a qualsevol consulta es pot trucar als tel\u00e8fons de Promoci\u00f3 Econ\u00f2mica: 93 462 06 25 i 93 462 28 74<br><a href=\"https:\/\/www.sant-adria.cat\/sant-adria-per-temes\/comerc-i-mercats\/documents\/Carta_RutaTapa_tardor24.pdf\" target=\"_blank\" rel=\"noreferrer noopener\"><br>Adjuntem carta i full d&#8217;inscripci\u00f3<\/a><\/p>\n\n\n\n<p>En aquest&nbsp;<a href=\"https:\/\/www.sant-adria.cat\/sant-adria-per-temes\/comerc-i-mercats\/documents\/Bases_RutaTapa_2024_TARDOR.pdf\" target=\"_blank\" rel=\"noreferrer noopener\">enlla\u00e7<\/a>&nbsp;podreu consultar les bases que regulen la realitzaci\u00f3 de la Ruta Tapa.<\/p>\n","protected":false},"excerpt":{"rendered":"<p>L&#8217;edici\u00f3 de tardor de la Ruta Tapa es portar\u00e0 a terme del dijous 28 de novembre al diumenge 1 de desembre. Els establiments interessats han d&#8217;omplir el formulari d&#8217;inscripci\u00f3 i fer-lo arribar a l&#8217;ajuntament, fins al 28 d&#8217;octubre,&nbsp; per les vies seg\u00fcents: &nbsp;&nbsp;&nbsp; Mitjan\u00e7ant inst\u00e0ncia gen\u00e8rica a la&nbsp;seu electr\u00f2nica&nbsp;&nbsp;&nbsp; Mitjan\u00e7ant correu electr\u00f2nic a l&#8217;adre\u00e7a&nbsp;promocioeconomica@sant-adria.net&nbsp;&nbsp;&nbsp; Presencialment:&nbsp;&nbsp;&nbsp; [&hellip;]<\/p>\n","protected":false},"author":2,"featured_media":7957,"comment_status":"closed","ping_status":"open","sticky":false,"template":"","format":"standard","meta":{"footnotes":""},"categories":[134],"tags":[],"class_list":{"0":"post-7956","1":"post","2":"type-post","3":"status-publish","4":"format-standard","5":"has-post-thumbnail","7":"category-actualitat"},"_links":{"self":[{"href":"https:\/\/www.areabesos.com\/diario\/wp-json\/wp\/v2\/posts\/7956","targetHints":{"allow":["GET"]}}],"collection":[{"href":"https:\/\/www.areabesos.com\/diario\/wp-json\/wp\/v2\/posts"}],"about":[{"href":"https:\/\/www.areabesos.com\/diario\/wp-json\/wp\/v2\/types\/post"}],"author":[{"embeddable":true,"href":"https:\/\/www.areabesos.com\/diario\/wp-json\/wp\/v2\/users\/2"}],"replies":[{"embeddable":true,"href":"https:\/\/www.areabesos.com\/diario\/wp-json\/wp\/v2\/comments?post=7956"}],"version-history":[{"count":1,"href":"https:\/\/www.areabesos.com\/diario\/wp-json\/wp\/v2\/posts\/7956\/revisions"}],"predecessor-version":[{"id":7958,"href":"https:\/\/www.areabesos.com\/diario\/wp-json\/wp\/v2\/posts\/7956\/revisions\/7958"}],"wp:featuredmedia":[{"embeddable":true,"href":"https:\/\/www.areabesos.com\/diario\/wp-json\/wp\/v2\/media\/7957"}],"wp:attachment":[{"href":"https:\/\/www.areabesos.com\/diario\/wp-json\/wp\/v2\/media?parent=7956"}],"wp:term":[{"taxonomy":"category","embeddable":true,"href":"https:\/\/www.areabesos.com\/diario\/wp-json\/wp\/v2\/categories?post=7956"},{"taxonomy":"post_tag","embeddable":true,"href":"https:\/\/www.areabesos.com\/diario\/wp-json\/wp\/v2\/tags?post=7956"}],"curies":[{"name":"wp","href":"https:\/\/api.w.org\/{rel}","templated":true}]}}