{"id":7953,"date":"2024-10-09T12:01:27","date_gmt":"2024-10-09T10:01:27","guid":{"rendered":"https:\/\/www.areabesos.com\/diario\/?p=7953"},"modified":"2024-10-09T12:01:28","modified_gmt":"2024-10-09T10:01:28","slug":"sant-adria-celebra-el-dia-de-la-salut-mental","status":"publish","type":"post","link":"https:\/\/www.areabesos.com\/diario\/sant-adria-celebra-el-dia-de-la-salut-mental\/","title":{"rendered":"Sant Adri\u00e0 celebra el Dia de la Salut Mental"},"content":{"rendered":"\n<p>El 10 d\u2019octubre Sant Adri\u00e0 se suma a la commemoraci\u00f3 del Dia de la Salut mental amb l\u2019objectiu de sensibilitzar la societat sobre els trastorns mentals, lluitar contra l\u2019estigmatitzaci\u00f3 de les persones afectades, impulsar iniciatives que millorin la seva atenci\u00f3 i sobretot conscienciar que no es pot tenir un bon estat de salut sense una bona salut mental.<\/p>\n\n\n\n<p>A Sant Adri\u00e0 s&#8217;instal\u00b7lar\u00e0 una parada davant del Mercat municipal, de 10 a 13 h, on trobareu informaci\u00f3 de les entitats que treballen per la salut mental a la ciutat i tamb\u00e9 podreu participar en l\u2019activitat \u00abGrava un missatge per la salut mental\u00bb.<\/p>\n\n\n\n<p>Organitza la Taula de Salut Mental, projectes Acces i SITUA\u2019T del Consorci de la Mina, SRC B\u00e8tula de BSA, Centre F\u00f2rum de Parc de Salut Mar, Salut Mental Barcelon\u00e8s Nord, i Servei Prelaboral B\u00e8tula de BDN Capa\u00e7.<\/p>\n","protected":false},"excerpt":{"rendered":"<p>El 10 d\u2019octubre Sant Adri\u00e0 se suma a la commemoraci\u00f3 del Dia de la Salut mental amb l\u2019objectiu de sensibilitzar la societat sobre els trastorns mentals, lluitar contra l\u2019estigmatitzaci\u00f3 de les persones afectades, impulsar iniciatives que millorin la seva atenci\u00f3 i sobretot conscienciar que no es pot tenir un bon estat de salut sense una [&hellip;]<\/p>\n","protected":false},"author":2,"featured_media":7954,"comment_status":"closed","ping_status":"open","sticky":false,"template":"","format":"standard","meta":{"footnotes":""},"categories":[135],"tags":[],"class_list":{"0":"post-7953","1":"post","2":"type-post","3":"status-publish","4":"format-standard","5":"has-post-thumbnail","7":"category-societat"},"_links":{"self":[{"href":"https:\/\/www.areabesos.com\/diario\/wp-json\/wp\/v2\/posts\/7953","targetHints":{"allow":["GET"]}}],"collection":[{"href":"https:\/\/www.areabesos.com\/diario\/wp-json\/wp\/v2\/posts"}],"about":[{"href":"https:\/\/www.areabesos.com\/diario\/wp-json\/wp\/v2\/types\/post"}],"author":[{"embeddable":true,"href":"https:\/\/www.areabesos.com\/diario\/wp-json\/wp\/v2\/users\/2"}],"replies":[{"embeddable":true,"href":"https:\/\/www.areabesos.com\/diario\/wp-json\/wp\/v2\/comments?post=7953"}],"version-history":[{"count":1,"href":"https:\/\/www.areabesos.com\/diario\/wp-json\/wp\/v2\/posts\/7953\/revisions"}],"predecessor-version":[{"id":7955,"href":"https:\/\/www.areabesos.com\/diario\/wp-json\/wp\/v2\/posts\/7953\/revisions\/7955"}],"wp:featuredmedia":[{"embeddable":true,"href":"https:\/\/www.areabesos.com\/diario\/wp-json\/wp\/v2\/media\/7954"}],"wp:attachment":[{"href":"https:\/\/www.areabesos.com\/diario\/wp-json\/wp\/v2\/media?parent=7953"}],"wp:term":[{"taxonomy":"category","embeddable":true,"href":"https:\/\/www.areabesos.com\/diario\/wp-json\/wp\/v2\/categories?post=7953"},{"taxonomy":"post_tag","embeddable":true,"href":"https:\/\/www.areabesos.com\/diario\/wp-json\/wp\/v2\/tags?post=7953"}],"curies":[{"name":"wp","href":"https:\/\/api.w.org\/{rel}","templated":true}]}}