{"id":7948,"date":"2024-10-05T11:48:28","date_gmt":"2024-10-05T09:48:28","guid":{"rendered":"https:\/\/www.areabesos.com\/diario\/?p=7948"},"modified":"2024-10-09T11:54:04","modified_gmt":"2024-10-09T09:54:04","slug":"dins-projecta-la-seva-tasca-de-reaprofitament-alimentari-en-elgastrorecup-2024","status":"publish","type":"post","link":"https:\/\/www.areabesos.com\/diario\/dins-projecta-la-seva-tasca-de-reaprofitament-alimentari-en-elgastrorecup-2024\/","title":{"rendered":"D\u2019ins projecta la seva tasca de reaprofitament alimentari en elGastrorecup 2024"},"content":{"rendered":"\n<p>La Fundaci\u00f3 Formaci\u00f3 i Treball, a trav\u00e9s del seu projecte<br>gastron\u00f2mic D\u2019ins Escola &#8211; Restaurant, ha celebrat aquest 4 d\u2019octubre un dinar<br>Gastrorecup, una iniciativa de la Generalitat de Catalunya dins de la campanya<br>APROFITEM ELS ALIMENTS. En aquesta novena edici\u00f3 D\u2019ins Escola &#8211; Restaurant ha estat<br>escollida com a projecte ecosocial junt amb 49 restaurants de Catalunya que tamb\u00e9 hi<br>participen.<br>L\u2019objectiu principal del Gastrorecup \u00e9s sensibilitzar el sector de la restauraci\u00f3 i la ciutadania<br>sobre la import\u00e0ncia de gestionar correctament els aliments per tal d\u2019evitar llen\u00e7ar-los. En<br>l\u00ednia amb aquesta idea, els men\u00fas d\u2019aquests dinars i sopars s\u2019elaboren amb el producte<br>recuperat cedit per empreses externes, aliments que han quedat fora del circuit comercial<br>per\u00f2 que s\u00f3n perfectament aptes per al consum. \u00c9s a partir d\u2019aqu\u00ed que els diferents<br>professionals de la restauraci\u00f3 dissenyen i elaboren un men\u00fa ad hoc, una \u00fanica proposta de<br>dos plats i postres que es desvetlla el mateix dia de l\u2019\u00e0pat. El lema, jo no trio tu no tries,<br>sintetitza aquesta din\u00e0mica de treball.<\/p>\n\n\n\n<p>El dinar s\u2019ha fet a D\u2019ins Escola &#8211; Restaurant, el primer establiment que va obrir la l\u00ednia<br>gastron\u00f2mica de la Fundaci\u00f3, i ha acollit m\u00e9s de 80 persones que han gaudit de dos plats i<br>unes postres elaborats per a l\u2018ocasi\u00f3. S\u2019hi han servit quatre aperitius: c\u00f2ctel aperitiu de<br>mimosa, formatge de pat\u00e9 de ceba i poma, croqueta de carn d\u2019olla i xarrup de gaspatxo. El<br>primer plat ha sigut un Risotto de verdures i el segon plat, llom ib\u00e8ric amb salsa de<br>mostassa i moniato. Finalment, pels postres s\u2019ha servit un tiramis\u00fa de mango. Per con\u00e8ixer<br>millor la proposta gastron\u00f2mica diversos professionals de l\u2019equip D\u2019ins han explicat a les<br>persones assistents com s\u2019han dissenyat els plats, quins han estat els prove\u00efdors, la feina<br>de recuperaci\u00f3 aliment\u00e0ria que es fa des de les cuines del restaurant i quina \u00e9s l\u2019ess\u00e8ncia<br>del projecte Gastrorecup. Els assistents han valorat molt positivament l\u2019experi\u00e8ncia i<br>l\u2019han definit com una bona eina per mostrar el valor i les possibilitats dels aliments<br>reaprofitats. A la sortida han recollit un obsequi de la casa: una bossa amb diverses peces<br>de fruita recuperada.<\/p>\n\n\n\n<div><a href=\"https:\/\/www.areabesos.com\/diario\/wp-content\/uploads\/2024\/10\/dins02-1024x683.jpg\" class=\"td-modal-image\"><figure class=\"wp-block-image size-large\"><img loading=\"lazy\" decoding=\"async\" width=\"1024\" height=\"683\" src=\"https:\/\/www.areabesos.com\/diario\/wp-content\/uploads\/2024\/10\/dins02-1024x683.jpg\" alt=\"\" class=\"wp-image-7950\" srcset=\"https:\/\/www.areabesos.com\/diario\/wp-content\/uploads\/2024\/10\/dins02-1024x683.jpg 1024w, https:\/\/www.areabesos.com\/diario\/wp-content\/uploads\/2024\/10\/dins02-300x200.jpg 300w, https:\/\/www.areabesos.com\/diario\/wp-content\/uploads\/2024\/10\/dins02-768x512.jpg 768w, https:\/\/www.areabesos.com\/diario\/wp-content\/uploads\/2024\/10\/dins02-150x100.jpg 150w, https:\/\/www.areabesos.com\/diario\/wp-content\/uploads\/2024\/10\/dins02-696x464.jpg 696w, https:\/\/www.areabesos.com\/diario\/wp-content\/uploads\/2024\/10\/dins02-1068x712.jpg 1068w, https:\/\/www.areabesos.com\/diario\/wp-content\/uploads\/2024\/10\/dins02.jpg 1200w\" sizes=\"auto, (max-width: 1024px) 100vw, 1024px\" \/><\/figure><\/a><\/div>\n\n\n\n<p><br>L\u2019esdeveniment ha comptat amb la pres\u00e8ncia de l\u2019Honorable Sr. \u00d2scar Ordeig i Molist,<br>Conseller d\u2019Agricultura, Ramaderia, Pesca i Alimentaci\u00f3. Tamb\u00e9 han assistit a l\u2019acte altres<br>representants de l\u2019Administraci\u00f3 P\u00fablica, la Il\u00b7lustr\u00edssima Sra. Filo Ca\u00f1ete, Alcaldessa de<br>Sant Adri\u00e0 de Bes\u00f2s, la Sra. S\u00f2nia Fuertes, Comissionada d&#8217;Acci\u00f3 Social de l\u2019Ajuntament de<br>Barcelona i el Sr. Joan Godia, Director general d&#8217;Empreses Agroaliment\u00e0ries, Qualitat i<br>Gastronomia. Des del m\u00f3n acad\u00e8mic hi ha assistit la Senyora Gilda Hern\u00e1ndez,<br>Responsables del Departament de Turisme de l\u2019IQS Universitat Ramon Llull. El sector de la<br>restauraci\u00f3 tamb\u00e9 ha tingut representaci\u00f3 amb l\u2019assist\u00e8ncia la Sra. Ada Parellada, xef del<br>restaurant Semproniana. Tots ells, han volgut posar en valor la tasca social que hi ha al<br>darrere de la iniciativa D\u2019ins Escola &#8211; Restaurant, aix\u00ed com la seva labor en el reaprofitament alimentari. Alhora, tamb\u00e9 han assenyalat que un ter\u00e7 dels aliments es malbaraten a Catalunya i que cal accions concises i contundents per reduir el malbaratament alimentari al territori.<\/p>\n\n\n\n<div><a href=\"https:\/\/www.areabesos.com\/diario\/wp-content\/uploads\/2024\/10\/dins03-1024x683.jpg\" class=\"td-modal-image\"><figure class=\"wp-block-image size-large\"><img loading=\"lazy\" decoding=\"async\" width=\"1024\" height=\"683\" src=\"https:\/\/www.areabesos.com\/diario\/wp-content\/uploads\/2024\/10\/dins03-1024x683.jpg\" alt=\"\" class=\"wp-image-7949\" srcset=\"https:\/\/www.areabesos.com\/diario\/wp-content\/uploads\/2024\/10\/dins03-1024x683.jpg 1024w, https:\/\/www.areabesos.com\/diario\/wp-content\/uploads\/2024\/10\/dins03-300x200.jpg 300w, https:\/\/www.areabesos.com\/diario\/wp-content\/uploads\/2024\/10\/dins03-768x512.jpg 768w, https:\/\/www.areabesos.com\/diario\/wp-content\/uploads\/2024\/10\/dins03-150x100.jpg 150w, https:\/\/www.areabesos.com\/diario\/wp-content\/uploads\/2024\/10\/dins03-696x464.jpg 696w, https:\/\/www.areabesos.com\/diario\/wp-content\/uploads\/2024\/10\/dins03-1068x712.jpg 1068w, https:\/\/www.areabesos.com\/diario\/wp-content\/uploads\/2024\/10\/dins03.jpg 1200w\" sizes=\"auto, (max-width: 1024px) 100vw, 1024px\" \/><\/figure><\/a><\/div>\n\n\n\n<p><br><strong>D\u2019ins, deu anys reaprofitant aliments<br><\/strong>D\u2019ins treballa per l\u2019aprofitament alimentari des de 2014 elaborant \u00e0pats de qualitat amb<br>producte de prove\u00efdors que aporten els seus excedents aix\u00ed com aliments que no han estat<br>comercialitzats per motius est\u00e8tics, de gramatge, entre d\u2019altres. Una aposta m\u00e9s pel model<br>circular de l\u2019organitzaci\u00f3 que afavoreix la reutilitzaci\u00f3 de productes en bon estat i en l\u00ednia<br>amb la campanya Gastrorecup. El 2023 D&#8217;ins va recuperar 385.121 kg d&#8217;aliments i els va<br>distribuir entre les seves l\u00ednies d\u2019activitat (restaurants, serveis de c\u00e0tering i col\u00b7lectivitats), fomentant aix\u00ed l\u2019estalvi de 134 tones de CO2. Cal destacar tamb\u00e9 el valor social del<br>projecte, que va n\u00e9ixer per generar llocs de feina per a persones amb moltes dificultats<br>per accedir al mercat laboral i formar-les com a professionals de l\u2019hostaleria en un<br>context de treball real.<br>Avui, des de Formaci\u00f3 o Treball, hem volgut sumar esfor\u00e7os per conscienciar sobre la<br>import\u00e0ncia de gestionar els aliments adequadament a fi d\u2019evitar el malbaratament. La<br>nostra participaci\u00f3 en el Gastrorecup \u00e9s un pas m\u00e9s en la promoci\u00f3 d&#8217;una cuina responsable i de la creaci\u00f3 de xarxes que permetin compartir coneixement i experi\u00e8ncia a fi que tots els aliments esdevinguin una mat\u00e8ria primera amb qu\u00e8 cuinar.<br>Els productes d\u2019aquest \u00e0pat Gastrorecup han estat proporcionats, en concepte de donaci\u00f3,<br>per les seg\u00fcents empreses col\u00b7laboradores: Assolim Food Services, Bon \u00e2rea, Obrador Can<br>Coll, Espigoladors, Montsi\u00e0 i Talkual<\/p>\n","protected":false},"excerpt":{"rendered":"<p>La Fundaci\u00f3 Formaci\u00f3 i Treball, a trav\u00e9s del seu projectegastron\u00f2mic D\u2019ins Escola &#8211; Restaurant, ha celebrat aquest 4 d\u2019octubre un dinarGastrorecup, una iniciativa de la Generalitat de Catalunya dins de la campanyaAPROFITEM ELS ALIMENTS. En aquesta novena edici\u00f3 D\u2019ins Escola &#8211; Restaurant ha estatescollida com a projecte ecosocial junt amb 49 restaurants de Catalunya que [&hellip;]<\/p>\n","protected":false},"author":2,"featured_media":7951,"comment_status":"closed","ping_status":"open","sticky":false,"template":"","format":"standard","meta":{"footnotes":""},"categories":[135],"tags":[],"class_list":{"0":"post-7948","1":"post","2":"type-post","3":"status-publish","4":"format-standard","5":"has-post-thumbnail","7":"category-societat"},"_links":{"self":[{"href":"https:\/\/www.areabesos.com\/diario\/wp-json\/wp\/v2\/posts\/7948","targetHints":{"allow":["GET"]}}],"collection":[{"href":"https:\/\/www.areabesos.com\/diario\/wp-json\/wp\/v2\/posts"}],"about":[{"href":"https:\/\/www.areabesos.com\/diario\/wp-json\/wp\/v2\/types\/post"}],"author":[{"embeddable":true,"href":"https:\/\/www.areabesos.com\/diario\/wp-json\/wp\/v2\/users\/2"}],"replies":[{"embeddable":true,"href":"https:\/\/www.areabesos.com\/diario\/wp-json\/wp\/v2\/comments?post=7948"}],"version-history":[{"count":1,"href":"https:\/\/www.areabesos.com\/diario\/wp-json\/wp\/v2\/posts\/7948\/revisions"}],"predecessor-version":[{"id":7952,"href":"https:\/\/www.areabesos.com\/diario\/wp-json\/wp\/v2\/posts\/7948\/revisions\/7952"}],"wp:featuredmedia":[{"embeddable":true,"href":"https:\/\/www.areabesos.com\/diario\/wp-json\/wp\/v2\/media\/7951"}],"wp:attachment":[{"href":"https:\/\/www.areabesos.com\/diario\/wp-json\/wp\/v2\/media?parent=7948"}],"wp:term":[{"taxonomy":"category","embeddable":true,"href":"https:\/\/www.areabesos.com\/diario\/wp-json\/wp\/v2\/categories?post=7948"},{"taxonomy":"post_tag","embeddable":true,"href":"https:\/\/www.areabesos.com\/diario\/wp-json\/wp\/v2\/tags?post=7948"}],"curies":[{"name":"wp","href":"https:\/\/api.w.org\/{rel}","templated":true}]}}