{"id":7945,"date":"2024-10-08T12:08:51","date_gmt":"2024-10-08T10:08:51","guid":{"rendered":"https:\/\/www.areabesos.com\/diario\/?p=7945"},"modified":"2024-10-08T12:08:52","modified_gmt":"2024-10-08T10:08:52","slug":"salut-comenca-una-prova-pilot-al-barcelones-nord-baix-maresme-i-maresme-central-per-augmentar-la-vacunacio-contra-la-grip-i-la-covid-19","status":"publish","type":"post","link":"https:\/\/www.areabesos.com\/diario\/salut-comenca-una-prova-pilot-al-barcelones-nord-baix-maresme-i-maresme-central-per-augmentar-la-vacunacio-contra-la-grip-i-la-covid-19\/","title":{"rendered":"Salut comen\u00e7a una prova pilot al Barcelon\u00e8s Nord, Baix Maresme i Maresme Central per augmentar la vacunaci\u00f3 contra la grip i la COVID-19"},"content":{"rendered":"\n<p>El Departament de Salut posa en marxa un any m\u00e9s la campanya de vacunaci\u00f3 contra la grip i la COVID-19, dirigida especialment a les persones grans i les persones que tenen m\u00e9s risc de patir complicacions de salut o de transmetre la malaltia a persones vulnerables.<br>Aquesta temporada, i com a novetat, els territoris del Barcelon\u00e8s Nord, Baix Maresme i Maresme Central de la Regi\u00f3 Sanit\u00e0ria Barcelona Metropolitana Nord seran objecte d\u2019una prova pilot que busca incrementar la cobertura vacunal de la poblaci\u00f3 diana, refor\u00e7ant l\u2019accessibilitat a la vacunaci\u00f3 i incrementant els missatges de crida.<br>A partir d\u2019avui totes les persones de 60 a 79 anys, les persones amb condicions de risc de 12 a 59 anys, els infants de 6 mesos a 5 anys i els infants amb condicions de risc de 5 a 11 anys rebran un SMS en qu\u00e8 se\u2019ls donar\u00e0 dia i hora per vacunar-se en algun dels sis Punts de Vacunaci\u00f3 Poblacional (PVP) repartits pel territori. Als adults se\u2019ls vacunar\u00e0 de grip i COVID-19; als infants nom\u00e9s de grip seguint les recomanacions vigents. Els infants que s\u2019hagin de vacunar tamb\u00e9 contra la COVID-19 ho podran fer als centres de refer\u00e8ncia.<br>Els PVP estaran situats a Sant Adri\u00e0 de Bes\u00f2s (CAP Dr. Barraquer), Badalona (CAP Dr. Robert), Premi\u00e0 de Mar (CAP Premi\u00e0 de Mar-Dr. Gasol, entrada per urg\u00e8ncies), Matar\u00f3 (CAP El Maresme), Sant Andreu de Llavaneres (CAP Sant Andreu de Llavaneres-Manoli Marco) i Santa Coloma de Gramenet (CAP Santa Coloma de Gramenet, a la 1a planta). L\u2019horari d\u2019aquests PVP ser\u00e0 de dilluns a dissabte, de les 9 a les 20 h.<br>A banda de les persones que rebran el SMS, podran anar a aquests punts les embarassades i col\u00b7lectius a qui tamb\u00e9 es recomana la vacunaci\u00f3 com policies, bombers, personal de protecci\u00f3 civil i personal docent, entre d\u2019altres. Aquestes persones no caldr\u00e0 que reservin cita pr\u00e8via, i poden anar-hi preferentment de 16 a 19 h.<br>Tot i que els missatges es comencen a enviar avui, els PVP no obriran fins al 14 d\u2019octubre, data en qu\u00e8 tamb\u00e9 s\u2019iniciar\u00e0 la campanya de vacunaci\u00f3 als CAP. Si una persona del Barcelon\u00e8s Nord, Baix Maresme i Maresme Central candidata a vacunar-se rep l\u2019SMS per anar al PVP per\u00f2 no li va b\u00e9, tamb\u00e9 pot demanar hora i vacunar-se al seu CAP de refer\u00e8ncia.<br>El principal objectiu del Departament de Salut amb la campanya de vacunaci\u00f3 contra la grip i la COVID-19 \u00e9s protegir mitjan\u00e7ant la immunitzaci\u00f3 la ciutadania davant dels virus respiratoris, que augmenten la seva circulaci\u00f3 especialment durant els mesos de tardor i hivern. Per aix\u00f2 \u00e9s important que les persones incloses en les recomanacions es vacunin segons les indicacions, abans que augmenti la circulaci\u00f3 dels virus respiratoris.<\/p>\n","protected":false},"excerpt":{"rendered":"<p>El Departament de Salut posa en marxa un any m\u00e9s la campanya de vacunaci\u00f3 contra la grip i la COVID-19, dirigida especialment a les persones grans i les persones que tenen m\u00e9s risc de patir complicacions de salut o de transmetre la malaltia a persones vulnerables.Aquesta temporada, i com a novetat, els territoris del Barcelon\u00e8s [&hellip;]<\/p>\n","protected":false},"author":2,"featured_media":7946,"comment_status":"closed","ping_status":"open","sticky":false,"template":"","format":"standard","meta":{"footnotes":""},"categories":[135],"tags":[],"class_list":{"0":"post-7945","1":"post","2":"type-post","3":"status-publish","4":"format-standard","5":"has-post-thumbnail","7":"category-societat"},"_links":{"self":[{"href":"https:\/\/www.areabesos.com\/diario\/wp-json\/wp\/v2\/posts\/7945","targetHints":{"allow":["GET"]}}],"collection":[{"href":"https:\/\/www.areabesos.com\/diario\/wp-json\/wp\/v2\/posts"}],"about":[{"href":"https:\/\/www.areabesos.com\/diario\/wp-json\/wp\/v2\/types\/post"}],"author":[{"embeddable":true,"href":"https:\/\/www.areabesos.com\/diario\/wp-json\/wp\/v2\/users\/2"}],"replies":[{"embeddable":true,"href":"https:\/\/www.areabesos.com\/diario\/wp-json\/wp\/v2\/comments?post=7945"}],"version-history":[{"count":1,"href":"https:\/\/www.areabesos.com\/diario\/wp-json\/wp\/v2\/posts\/7945\/revisions"}],"predecessor-version":[{"id":7947,"href":"https:\/\/www.areabesos.com\/diario\/wp-json\/wp\/v2\/posts\/7945\/revisions\/7947"}],"wp:featuredmedia":[{"embeddable":true,"href":"https:\/\/www.areabesos.com\/diario\/wp-json\/wp\/v2\/media\/7946"}],"wp:attachment":[{"href":"https:\/\/www.areabesos.com\/diario\/wp-json\/wp\/v2\/media?parent=7945"}],"wp:term":[{"taxonomy":"category","embeddable":true,"href":"https:\/\/www.areabesos.com\/diario\/wp-json\/wp\/v2\/categories?post=7945"},{"taxonomy":"post_tag","embeddable":true,"href":"https:\/\/www.areabesos.com\/diario\/wp-json\/wp\/v2\/tags?post=7945"}],"curies":[{"name":"wp","href":"https:\/\/api.w.org\/{rel}","templated":true}]}}