{"id":7943,"date":"2024-10-07T11:18:34","date_gmt":"2024-10-07T09:18:34","guid":{"rendered":"https:\/\/www.areabesos.com\/diario\/?p=7943"},"modified":"2024-10-08T11:21:31","modified_gmt":"2024-10-08T09:21:31","slug":"un-home-ha-mort-mentre-treballava-en-una-empresa-de-sant-adria-de-besos","status":"publish","type":"post","link":"https:\/\/www.areabesos.com\/diario\/un-home-ha-mort-mentre-treballava-en-una-empresa-de-sant-adria-de-besos\/","title":{"rendered":"Un home ha mort mentre treballava en una empresa de Sant Adri\u00e0 de Bes\u00f2s"},"content":{"rendered":"\n<p>Agents de la Policia de la Generalitat \u2013 Mossos d\u2019Esquadra de la comissaria de Sant Adri\u00e0 de Bes\u00f2s han rebut un av\u00eds aquest diumenge les 16:11 hores per adre\u00e7ar-se a una empresa del Port F\u00f2rum a Sant Adri\u00e0 de Bes\u00f2s, on un treballador havia patit un accident.<\/p>\n\n\n\n<p>Els fets s\u2019han produ\u00eft quan el treballador estava manipulant una porta met\u00e0l\u00b7lica i aquesta li ha caigut al damunt. El Sistema d\u2019Emerg\u00e8ncies M\u00e8diques ha fet tasques de reanimaci\u00f3, per\u00f2 l\u2019home de 54 anys finalment ha mort.<\/p>\n\n\n\n<p>Fins al lloc s\u2019hi han despla\u00e7at diverses patrulles dels Mossos d\u2019Esquadra i unitats del Sistema d\u2019Emerg\u00e8ncies M\u00e8diques.<\/p>\n\n\n\n<p>Els mossos han obert una investigaci\u00f3 per esclarir les circumst\u00e0ncies de l\u2019accident i han posat els fets en coneixement del jutjat d\u2019instrucci\u00f3 en funcions de gu\u00e0rdia i del Departament d\u2019Empresa i Treball, d\u2019acord amb els procediments habituals en accidents laborals amb v\u00edctimes mortals.<\/p>\n","protected":false},"excerpt":{"rendered":"<p>Agents de la Policia de la Generalitat \u2013 Mossos d\u2019Esquadra de la comissaria de Sant Adri\u00e0 de Bes\u00f2s han rebut un av\u00eds aquest diumenge les 16:11 hores per adre\u00e7ar-se a una empresa del Port F\u00f2rum a Sant Adri\u00e0 de Bes\u00f2s, on un treballador havia patit un accident. Els fets s\u2019han produ\u00eft quan el treballador estava [&hellip;]<\/p>\n","protected":false},"author":2,"featured_media":1531,"comment_status":"closed","ping_status":"open","sticky":false,"template":"","format":"standard","meta":{"footnotes":""},"categories":[134],"tags":[],"class_list":{"0":"post-7943","1":"post","2":"type-post","3":"status-publish","4":"format-standard","5":"has-post-thumbnail","7":"category-actualitat"},"_links":{"self":[{"href":"https:\/\/www.areabesos.com\/diario\/wp-json\/wp\/v2\/posts\/7943","targetHints":{"allow":["GET"]}}],"collection":[{"href":"https:\/\/www.areabesos.com\/diario\/wp-json\/wp\/v2\/posts"}],"about":[{"href":"https:\/\/www.areabesos.com\/diario\/wp-json\/wp\/v2\/types\/post"}],"author":[{"embeddable":true,"href":"https:\/\/www.areabesos.com\/diario\/wp-json\/wp\/v2\/users\/2"}],"replies":[{"embeddable":true,"href":"https:\/\/www.areabesos.com\/diario\/wp-json\/wp\/v2\/comments?post=7943"}],"version-history":[{"count":1,"href":"https:\/\/www.areabesos.com\/diario\/wp-json\/wp\/v2\/posts\/7943\/revisions"}],"predecessor-version":[{"id":7944,"href":"https:\/\/www.areabesos.com\/diario\/wp-json\/wp\/v2\/posts\/7943\/revisions\/7944"}],"wp:featuredmedia":[{"embeddable":true,"href":"https:\/\/www.areabesos.com\/diario\/wp-json\/wp\/v2\/media\/1531"}],"wp:attachment":[{"href":"https:\/\/www.areabesos.com\/diario\/wp-json\/wp\/v2\/media?parent=7943"}],"wp:term":[{"taxonomy":"category","embeddable":true,"href":"https:\/\/www.areabesos.com\/diario\/wp-json\/wp\/v2\/categories?post=7943"},{"taxonomy":"post_tag","embeddable":true,"href":"https:\/\/www.areabesos.com\/diario\/wp-json\/wp\/v2\/tags?post=7943"}],"curies":[{"name":"wp","href":"https:\/\/api.w.org\/{rel}","templated":true}]}}