{"id":7938,"date":"2024-10-03T12:10:33","date_gmt":"2024-10-03T10:10:33","guid":{"rendered":"https:\/\/www.areabesos.com\/diario\/?p=7938"},"modified":"2024-10-03T12:10:35","modified_gmt":"2024-10-03T10:10:35","slug":"els-agents-civics-diurns-de-sant-adria-han-fet-prop-de-700-intervencions-per-infraccions-relacionades-amb-animals-domestics-bicicletes-i-patinets","status":"publish","type":"post","link":"https:\/\/www.areabesos.com\/diario\/els-agents-civics-diurns-de-sant-adria-han-fet-prop-de-700-intervencions-per-infraccions-relacionades-amb-animals-domestics-bicicletes-i-patinets\/","title":{"rendered":"Els agents civics di\u00fcrns de Sant Adri\u00e0 han fet prop de 700 intervencions per infraccions relacionades amb animals dom\u00e8stics, bicicletes i patinets"},"content":{"rendered":"\n<p>El servei de&nbsp;<strong>civisme<\/strong>&nbsp;<strong>di\u00fcrn<\/strong>&nbsp;va iniciar el projecte de suport al servei de civisme nocturn (\u00abserenos\u201d)&nbsp;el 22 de juliol, als barris de&nbsp;Sant Adri\u00e0 Nord&nbsp;i Sant Joan Baptista.&nbsp;L\u2019Ajuntament va contractar un equip de cinc persones, en el marc del programa&nbsp;<strong>Ciutat<\/strong>&nbsp;<strong>curosa amb l\u2019espai i les persones<\/strong>, que estan desenvolupant tasques per promoure la conviv\u00e8ncia a les places de la ciutat, vetllant perqu\u00e8 s\u2019utilitzin correctament els patinets i d\u2019altres vehicles de mobilitat personal, perqu\u00e8 es compleixin les ordenances d\u2019animals i les de bon ve\u00efnatge i que es faci, en general, un bon \u00fas de l\u2019espai p\u00fablic.&nbsp;El projecte est\u00e0 finan\u00e7at per l&#8217;\u00c0rea Metropolitana de Barcelona (AMB) en el marc del programa del Pla de barris per a la Millora de Rendes.<\/p>\n\n\n\n<p>En aquests mesos l\u2019equip d\u2019agents c\u00edvics di\u00fcrns ha dut a terme un treball intens de conscienciaci\u00f3 i sensibilitzaci\u00f3, com es pot veure en les xifres seg\u00fcents:<\/p>\n\n\n\n<ul class=\"wp-block-list\">\n<li><strong>25 entrevistes\u00a0<\/strong>an\u00f2nimes a grups per reflexionar sobre el civisme a Sant Adri\u00e0.<\/li>\n\n\n\n<li><strong>200 actuacions d\u2019informaci\u00f3 preventiva:<\/strong>*Se sol.licita en\u00a0<strong>100<\/strong>\u00a0ocasions a persones que veuen i mengen a la via p\u00fablica que deixin l\u2019<strong>espai net<\/strong>.*Es convida a uns\u00a0<strong>40 grups de joves<\/strong>\u00a0que aprovin el nostre\u00a0<strong>examen de patinet<\/strong>.*Es recorda la\u00a0<strong>normativa de pipicans i correcans en 60 ocasions<\/strong>\u00a0a les persones usu\u00e0ries.<\/li>\n<\/ul>\n\n\n\n<p>En m\u00e9s del 95% dels casos la informaci\u00f3 ha estat rebuda de manera positiva.<\/p>\n\n\n\n<ul class=\"wp-block-list\">\n<li>Tamb\u00e9 s\u2019han fet unes\u00a0<strong>1000 intervencions\u00a0<\/strong><strong>davant<\/strong><strong>\u00a0conductes inc\u00edviques:<\/strong>*S\u2019informa en\u00a0<strong>370 ocasions a persones infractores sobre l\u2019ordenan\u00e7a de tinen\u00e7a d\u2019animals<\/strong>. S\u2019explica la idone\u00eftat de que els gossos facin les seves necessitats als escocells dels arbres evitant parcs, jardins i fa\u00e7anes, i es recorden les obligacions de recollir els excrements i dur el gos lligat a la via p\u00fablica.*Es fan\u00a0<strong>320 intervencions sobre la normativa de seguretat vi\u00e0ria de bicicletes i patinets.\u00a0<\/strong><strong>Les situacions amb les que es\u00a0<\/strong>trobens\u00f3ndues persones que circulen al mateix patinet, bicicletes i patinets que ho fan a massa velocitat o sense respectar la dist\u00e0ncia d\u20191,5 metres respecte a les fa\u00e7anes i les persones que caminen per les voreres, i conductors que duen auriculars o miren el m\u00f2bil.*En\u00a0<strong>170 ocasions\u00a0<\/strong><strong>s\u2019actua per<\/strong><strong>\u00a0infraccions sobre seguretat ciutadana i conviv\u00e8ncia.\u00a0<\/strong>Les m\u00e9s habituals per l\u2019\u00fas de la pilota dura als parcs i places, altres per causar aldarulls i desperfectes al mobiliari urb\u00e0 i tamb\u00e9 a algunes persones que fumen i\/o beuen alcohol a parcs infantils i entorns escolars. A m\u00e9s, es fan acompanyaments a persones que se senten insegures.\u00a0<strong>*140 intervencions\u00a0<\/strong><strong>per<\/strong><strong>\u00a0infraccions\u00a0<\/strong><strong>en l\u2019\u00e0mbit de<\/strong><strong>\u00a0neteja<\/strong>\u00a0com ara persones que deixen brut\u00edcia al carrer fent mal \u00fas de servei de recollida municipal, que fan les seves necessitats a la via p\u00fablica o que alimenten coloms.<\/li>\n<\/ul>\n\n\n\n<p><strong>Aproximadament dos ter\u00e7os de les intervencions s\u2019han pogut evitar, sent les intervencions a patinets les m\u00e9s complicades.<\/strong><\/p>\n\n\n\n<p>El servei d\u2019agents c\u00edvics di\u00fcrns tamb\u00e9 col\u00b7labora amb altres serveis en&nbsp;el bon&nbsp;<strong>manteniment de la via p\u00fablica<\/strong>, i&nbsp;ha informat&nbsp;des de la seva posada en marxa&nbsp;de&nbsp;prop de&nbsp;<strong>90 incid\u00e8ncies urgents<\/strong>&nbsp;com:<\/p>\n\n\n\n<ul class=\"wp-block-list\">\n<li>Residus perillosos com vidres trencats, sofre, animals morts o restes de venipunci\u00f3.<\/li>\n\n\n\n<li>Fanals que no funcionen.<\/li>\n\n\n\n<li>Clavegueram taponat.<\/li>\n\n\n\n<li>Vehicles abandonats, bicicletes o carros.<\/li>\n\n\n\n<li>Saques de runa abandonades.<\/li>\n\n\n\n<li>Cartells publicitaris no permesos.<\/li>\n\n\n\n<li>Mobiliari urb\u00e0 en mal estat perill\u00f3s.<\/li>\n\n\n\n<li>Parcs infantils en mal estat.<\/li>\n\n\n\n<li>Branques d\u2019arbre i nius de cotorra inestables.<\/li>\n<\/ul>\n\n\n\n<p>Finalment,&nbsp;<strong>s\u2019han rebut unes 400 peticions i queixes de la ciutadania, sobre les que s\u2019est\u00e0 treballant ja que una de les prioritats<\/strong>&nbsp;dels agents \u00e9s l\u2019escolta activa del ve\u00efnat.<\/p>\n\n\n\n<p><\/p>\n","protected":false},"excerpt":{"rendered":"<p>El servei de&nbsp;civisme&nbsp;di\u00fcrn&nbsp;va iniciar el projecte de suport al servei de civisme nocturn (\u00abserenos\u201d)&nbsp;el 22 de juliol, als barris de&nbsp;Sant Adri\u00e0 Nord&nbsp;i Sant Joan Baptista.&nbsp;L\u2019Ajuntament va contractar un equip de cinc persones, en el marc del programa&nbsp;Ciutat&nbsp;curosa amb l\u2019espai i les persones, que estan desenvolupant tasques per promoure la conviv\u00e8ncia a les places de la [&hellip;]<\/p>\n","protected":false},"author":2,"featured_media":7939,"comment_status":"closed","ping_status":"open","sticky":false,"template":"","format":"standard","meta":{"footnotes":""},"categories":[135],"tags":[],"class_list":{"0":"post-7938","1":"post","2":"type-post","3":"status-publish","4":"format-standard","5":"has-post-thumbnail","7":"category-societat"},"_links":{"self":[{"href":"https:\/\/www.areabesos.com\/diario\/wp-json\/wp\/v2\/posts\/7938","targetHints":{"allow":["GET"]}}],"collection":[{"href":"https:\/\/www.areabesos.com\/diario\/wp-json\/wp\/v2\/posts"}],"about":[{"href":"https:\/\/www.areabesos.com\/diario\/wp-json\/wp\/v2\/types\/post"}],"author":[{"embeddable":true,"href":"https:\/\/www.areabesos.com\/diario\/wp-json\/wp\/v2\/users\/2"}],"replies":[{"embeddable":true,"href":"https:\/\/www.areabesos.com\/diario\/wp-json\/wp\/v2\/comments?post=7938"}],"version-history":[{"count":1,"href":"https:\/\/www.areabesos.com\/diario\/wp-json\/wp\/v2\/posts\/7938\/revisions"}],"predecessor-version":[{"id":7940,"href":"https:\/\/www.areabesos.com\/diario\/wp-json\/wp\/v2\/posts\/7938\/revisions\/7940"}],"wp:featuredmedia":[{"embeddable":true,"href":"https:\/\/www.areabesos.com\/diario\/wp-json\/wp\/v2\/media\/7939"}],"wp:attachment":[{"href":"https:\/\/www.areabesos.com\/diario\/wp-json\/wp\/v2\/media?parent=7938"}],"wp:term":[{"taxonomy":"category","embeddable":true,"href":"https:\/\/www.areabesos.com\/diario\/wp-json\/wp\/v2\/categories?post=7938"},{"taxonomy":"post_tag","embeddable":true,"href":"https:\/\/www.areabesos.com\/diario\/wp-json\/wp\/v2\/tags?post=7938"}],"curies":[{"name":"wp","href":"https:\/\/api.w.org\/{rel}","templated":true}]}}