{"id":7935,"date":"2024-10-03T12:06:17","date_gmt":"2024-10-03T10:06:17","guid":{"rendered":"https:\/\/www.areabesos.com\/diario\/?p=7935"},"modified":"2024-10-03T12:06:18","modified_gmt":"2024-10-03T10:06:18","slug":"proces-dinformacio-i-consulta-del-pla-estrategic-urba-municipal","status":"publish","type":"post","link":"https:\/\/www.areabesos.com\/diario\/proces-dinformacio-i-consulta-del-pla-estrategic-urba-municipal\/","title":{"rendered":"Proc\u00e9s d&#8217;informaci\u00f3 i consulta del Pla Estrat\u00e8gic Urb\u00e0 Municipal"},"content":{"rendered":"\n<p>Com a pas previ a la configuraci\u00f3 de la futura Agenda Urbana de Sant Adri\u00e0, s\u2019han iniciat els treballs de les Bases Estrat\u00e8giques i la detecci\u00f3 dels principals projectes tractors que poden contribuir a fer que la nostra ciutat sigui socialment m\u00e9s justa, econ\u00f2micament m\u00e9s pr\u00f2spera i ambientalment m\u00e9s sostenible.<\/p>\n\n\n\n<p>Aquest plantejament inicial va ser validat per una comissi\u00f3 d\u2019experts que es va reunir durant el mes de juliol, entre els que es trobaven professionals del territori, medi ambient i urbanistes aix\u00ed com representants de diferents \u00e0mbits socials.<\/p>\n\n\n\n<p>El document resultant, \u00e9s el que es posa en consideraci\u00f3 de la ciutadania pel seu coneixement i per recaptar la seva opini\u00f3, tot ampliant i enriquint el debat i el seu contingut.&nbsp;Fins el dia 20 d\u2019octubre us podeu informar sobre el proc\u00e9s i podeu fer propostes a traves de la Plataforma o mitjan\u00e7ant&nbsp;<a href=\"https:\/\/seu.sant-adria.net\/sta\/CarpetaPublic\/Login?APP_CODE=STA&amp;PAGE_CODE=CATALOGO&amp;DETALLE=6269000004720238707777\">sol\u00b7licitud gen\u00e8rica<\/a>&nbsp;adre\u00e7ada al servei de Territori. Les aportacions recollides seran valorades i respostes pel personal t\u00e8cnic de l&#8217;equip redactor, a fi de determinar la seva possible introducci\u00f3 al document.<\/p>\n\n\n\n<p>Hi haur\u00e0 una sessi\u00f3 informativa que tindr\u00e0 lloc el dia 9 d&#8217;octubre, a les 19 h. a la Sala de Plens de l&#8217;Ajuntament. Les inscripcions poden fer-se per la Plataforma Decidim per Sant Adri\u00e0 o trucant al tel\u00e8fon 933812004, extensi\u00f3&nbsp;5121, facilitant les dades de contacte.&nbsp;<\/p>\n\n\n\n<p>A partir del 28 d\u2019octubre, es publicar\u00e0 el document resultant.<\/p>\n\n\n\n<p>El document final servir\u00e0 de marc estrat\u00e8gic d\u2019un Pla d\u2019Actuaci\u00f3 amb intervencions concretes, per les quals caldr\u00e0 buscar finan\u00e7ament en properes convocat\u00f2ries d\u2019ajuts europeus.<\/p>\n\n\n\n<p>Tot el proc\u00e9s es pot seguir a la&nbsp;<strong><a href=\"https:\/\/participa311-santadria.diba.cat\/processes\/PlaEstrategicUrba\" target=\"_blank\" rel=\"noreferrer noopener\">Plataforma Decidim per Sant Adri\u00e0.<\/a><\/strong><\/p>\n","protected":false},"excerpt":{"rendered":"<p>Com a pas previ a la configuraci\u00f3 de la futura Agenda Urbana de Sant Adri\u00e0, s\u2019han iniciat els treballs de les Bases Estrat\u00e8giques i la detecci\u00f3 dels principals projectes tractors que poden contribuir a fer que la nostra ciutat sigui socialment m\u00e9s justa, econ\u00f2micament m\u00e9s pr\u00f2spera i ambientalment m\u00e9s sostenible. Aquest plantejament inicial va ser [&hellip;]<\/p>\n","protected":false},"author":2,"featured_media":7936,"comment_status":"closed","ping_status":"open","sticky":false,"template":"","format":"standard","meta":{"footnotes":""},"categories":[135],"tags":[],"class_list":{"0":"post-7935","1":"post","2":"type-post","3":"status-publish","4":"format-standard","5":"has-post-thumbnail","7":"category-societat"},"_links":{"self":[{"href":"https:\/\/www.areabesos.com\/diario\/wp-json\/wp\/v2\/posts\/7935","targetHints":{"allow":["GET"]}}],"collection":[{"href":"https:\/\/www.areabesos.com\/diario\/wp-json\/wp\/v2\/posts"}],"about":[{"href":"https:\/\/www.areabesos.com\/diario\/wp-json\/wp\/v2\/types\/post"}],"author":[{"embeddable":true,"href":"https:\/\/www.areabesos.com\/diario\/wp-json\/wp\/v2\/users\/2"}],"replies":[{"embeddable":true,"href":"https:\/\/www.areabesos.com\/diario\/wp-json\/wp\/v2\/comments?post=7935"}],"version-history":[{"count":1,"href":"https:\/\/www.areabesos.com\/diario\/wp-json\/wp\/v2\/posts\/7935\/revisions"}],"predecessor-version":[{"id":7937,"href":"https:\/\/www.areabesos.com\/diario\/wp-json\/wp\/v2\/posts\/7935\/revisions\/7937"}],"wp:featuredmedia":[{"embeddable":true,"href":"https:\/\/www.areabesos.com\/diario\/wp-json\/wp\/v2\/media\/7936"}],"wp:attachment":[{"href":"https:\/\/www.areabesos.com\/diario\/wp-json\/wp\/v2\/media?parent=7935"}],"wp:term":[{"taxonomy":"category","embeddable":true,"href":"https:\/\/www.areabesos.com\/diario\/wp-json\/wp\/v2\/categories?post=7935"},{"taxonomy":"post_tag","embeddable":true,"href":"https:\/\/www.areabesos.com\/diario\/wp-json\/wp\/v2\/tags?post=7935"}],"curies":[{"name":"wp","href":"https:\/\/api.w.org\/{rel}","templated":true}]}}