{"id":7929,"date":"2024-10-02T14:01:59","date_gmt":"2024-10-02T12:01:59","guid":{"rendered":"https:\/\/www.areabesos.com\/diario\/?p=7929"},"modified":"2024-10-02T14:02:04","modified_gmt":"2024-10-02T12:02:04","slug":"erc-sant-adria-organitza-una-exposicio-fotografica-en-commemoracio-de-l1-doctubre","status":"publish","type":"post","link":"https:\/\/www.areabesos.com\/diario\/erc-sant-adria-organitza-una-exposicio-fotografica-en-commemoracio-de-l1-doctubre\/","title":{"rendered":"ERC Sant Adri\u00e0 organitza una exposici\u00f3 fotogr\u00e0fica en commemoraci\u00f3 de l&#8217;1 d&#8217;Octubre"},"content":{"rendered":"\n<p>ERC Sant Adri\u00e0 ha organitzat una exposici\u00f3 fotogr\u00e0fica per recordar la jornada hist\u00f2rica de l&#8217;1 d&#8217;Octubre de 2017. L&#8217;acte, celebrat al Centre Republic\u00e0 Adrianenc (CRA), ha volgut reafirmar el comprom\u00eds dels republicans amb la preservaci\u00f3 de la hist\u00f2ria local i el record de les jornades que han marcat el cam\u00ed de Catalunya cap a la independ\u00e8ncia.<\/p>\n\n\n\n<p><strong>Un homenatge a la participaci\u00f3 ciutadana<\/strong><\/p>\n\n\n\n<p>La mostra fotogr\u00e0fica \u00e9s un homenatge a la determinaci\u00f3 i el sacrifici de la ciutadania de Sant Adri\u00e0 durant la jornada del refer\u00e8ndum del 2017. L&#8217;exposici\u00f3 inclou imatges capturades pels ve\u00efns i ve\u00efnes que van viure de primera m\u00e0 aquell dia hist\u00f2ric, i pret\u00e9n fer visible el paper actiu que va tenir el municipi en el moviment democr\u00e0tic per l&#8217;autodeterminaci\u00f3 de Catalunya.<\/p>\n\n\n\n<p>L&#8217;exposici\u00f3 fotogr\u00e0fica romandr\u00e0 oberta al p\u00fablic durant tot el mes d&#8217;octubre al CRA, permetent que tothom pugui visitar-la i recordar aquell dia. En finalitzar, es far\u00e0 el lliurament oficial de les imatges a l&#8217;Arxiu Municipal com a part de la mem\u00f2ria col\u00b7lectiva del municipi.<\/p>\n\n\n\n<p><strong>Col\u00b7laboraci\u00f3 ciutadana i preservaci\u00f3 hist\u00f2rica<\/strong><\/p>\n\n\n\n<p>ERC Sant Adri\u00e0 ha fet una crida a la ciutadania per tal que aporti fotografies de la jornada de l&#8217;1 d&#8217;Octubre de 2017, recollint testimonis visuals que s&#8217;han incorporat a l&#8217;exposici\u00f3. A m\u00e9s, totes les imatges recopilades seran enviades a l&#8217;Arxiu Municipal de Sant Adri\u00e0 per garantir-ne la preservaci\u00f3 i documentaci\u00f3 hist\u00f2rica.<\/p>\n\n\n\n<p>Durant la inauguraci\u00f3 de l&#8217;exposici\u00f3, la presidenta local d&#8217;ERC Sant Adri\u00e0, Toni Hern\u00e1ndez, ha expressat la seva emoci\u00f3 en recordar aquella jornada, destacant que \u00ab<em>l&#8217;1 d&#8217;Octubre no nom\u00e9s va ser un refer\u00e8ndum, va ser una demostraci\u00f3 de for\u00e7a, dignitat i coratge. Una vict\u00f2ria col\u00b7lectiva de la democr\u00e0cia. Sant Adri\u00e0 va respondre amb serenitat,&nbsp; fermesa i un comprom\u00eds profund amb els drets fonamentals. Aquestes imatges s\u00f3n el testimoni de la nostra determinaci\u00f3 com a poble<\/em>\u00ab.<\/p>\n","protected":false},"excerpt":{"rendered":"<p>ERC Sant Adri\u00e0 ha organitzat una exposici\u00f3 fotogr\u00e0fica per recordar la jornada hist\u00f2rica de l&#8217;1 d&#8217;Octubre de 2017. L&#8217;acte, celebrat al Centre Republic\u00e0 Adrianenc (CRA), ha volgut reafirmar el comprom\u00eds dels republicans amb la preservaci\u00f3 de la hist\u00f2ria local i el record de les jornades que han marcat el cam\u00ed de Catalunya cap a la [&hellip;]<\/p>\n","protected":false},"author":2,"featured_media":7930,"comment_status":"closed","ping_status":"open","sticky":false,"template":"","format":"standard","meta":{"footnotes":""},"categories":[134],"tags":[],"class_list":{"0":"post-7929","1":"post","2":"type-post","3":"status-publish","4":"format-standard","5":"has-post-thumbnail","7":"category-actualitat"},"_links":{"self":[{"href":"https:\/\/www.areabesos.com\/diario\/wp-json\/wp\/v2\/posts\/7929","targetHints":{"allow":["GET"]}}],"collection":[{"href":"https:\/\/www.areabesos.com\/diario\/wp-json\/wp\/v2\/posts"}],"about":[{"href":"https:\/\/www.areabesos.com\/diario\/wp-json\/wp\/v2\/types\/post"}],"author":[{"embeddable":true,"href":"https:\/\/www.areabesos.com\/diario\/wp-json\/wp\/v2\/users\/2"}],"replies":[{"embeddable":true,"href":"https:\/\/www.areabesos.com\/diario\/wp-json\/wp\/v2\/comments?post=7929"}],"version-history":[{"count":1,"href":"https:\/\/www.areabesos.com\/diario\/wp-json\/wp\/v2\/posts\/7929\/revisions"}],"predecessor-version":[{"id":7931,"href":"https:\/\/www.areabesos.com\/diario\/wp-json\/wp\/v2\/posts\/7929\/revisions\/7931"}],"wp:featuredmedia":[{"embeddable":true,"href":"https:\/\/www.areabesos.com\/diario\/wp-json\/wp\/v2\/media\/7930"}],"wp:attachment":[{"href":"https:\/\/www.areabesos.com\/diario\/wp-json\/wp\/v2\/media?parent=7929"}],"wp:term":[{"taxonomy":"category","embeddable":true,"href":"https:\/\/www.areabesos.com\/diario\/wp-json\/wp\/v2\/categories?post=7929"},{"taxonomy":"post_tag","embeddable":true,"href":"https:\/\/www.areabesos.com\/diario\/wp-json\/wp\/v2\/tags?post=7929"}],"curies":[{"name":"wp","href":"https:\/\/api.w.org\/{rel}","templated":true}]}}