{"id":7908,"date":"2024-09-29T12:06:28","date_gmt":"2024-09-29T10:06:28","guid":{"rendered":"https:\/\/www.areabesos.com\/diario\/?p=7908"},"modified":"2024-09-30T12:11:20","modified_gmt":"2024-09-30T10:11:20","slug":"gabriel-le-senne-tambien-habria-roto-una-foto-de-franco","status":"publish","type":"post","link":"https:\/\/www.areabesos.com\/diario\/gabriel-le-senne-tambien-habria-roto-una-foto-de-franco\/","title":{"rendered":"Gabriel Le Senne: \u201cTambi\u00e9n habr\u00eda roto una foto de Franco\u201d"},"content":{"rendered":"\n<p>Eso fue lo que ayer, 27 de septiembre, el presidente del Parlament Balear y tambi\u00e9n miembro de Vox respondi\u00f3 ante el juez tras ser preguntado por la foto de Aurora Picornell y otras v\u00edctimas de los franquistas que rompi\u00f3 al comienzo de un pleno en junio pasado, lo que le podr\u00eda costar una condena por delito de odio.<\/p>\n\n\n\n<p>Los acuerdos han evitado muchas guerras y, por tanto, estoy a favor de que las partes enfrentadas intenten pactar antes de los juicios porque, a fin de cuentas, las sentencias no dejan de ser decisiones que pueden ser err\u00f3neas, aunque las dicten jueces interpretando leyes.<\/p>\n\n\n\n<p>Y m\u00e1s en este caso porque, tal como ocurre siempre que se reabren cr\u00edmenes que quedaron impunes como los cometidos por los franquistas, cuando las sentencias por fin son firmes ya no est\u00e1n muchas de las personas que sufrieron el odio por el acto juzgado, con el agravante de que esta vez el autor y acusado es presidente de un parlamento.<\/p>\n\n\n\n<p>La novedad es que Le Senne ha afirmado que \u201ctambi\u00e9n habr\u00eda roto una foto de Franco\u201d y, si se siente obligado a cumplir la palabra dada ante el juez, puede ser que lo que haya querido transmitir es que estar\u00eda dispuesto a llegar a un acuerdo, y eso hay que estudiarlo<\/p>\n\n\n\n<p>Supongo que cualquiera de las partes presentes en el procedimiento puede proponer a Gabriel Le Senne que, tal como ha dicho que es capaz de hacer, acepte romper en p\u00fablico una foto de Franco al inicio de todas y cada una de las sesiones plenarias que se celebren hasta el final de la legislatura. Estoy convencido de que el juez, incluso por la prensa, tendr\u00e1 siempre pleno y puntual conocimiento de que el acuerdo se est\u00e1 cumpliendo, detalle que no es menor en esta clase de pactos.<\/p>\n\n\n\n<p>Habr\u00e1 quien piense que romper en cada pleno del Parlament Balear presidido por Gabriel Le Senne una foto de Franco es m\u00e1s que romper una vez una foto de Aurora y otras v\u00edctimas de los franquistas, pero es una propuesta l\u00f3gica, porque son muchas las personas a las que provoc\u00f3 sufrimiento aquella acci\u00f3n tan despreciable y violenta.<\/p>\n\n\n\n<p>Y, por \u00faltimo, creo que despu\u00e9s de escuchar a Gabriel Le Senne afirmando que romper\u00eda la foto del dictador es obligado plantear que lo haga pues, de lo contrario, puede parecer que la acusaci\u00f3n renuncia a la ventaja de una victoria segura: si el presidente del Parlament Balear no aceptara quedar\u00eda demostrado que tampoco tiene palabra y terminar\u00eda ante el juez, pero m\u00e1s desprestigiado.<\/p>\n\n\n\n<p><span style=\"background-color:#090000\" class=\"td_text_highlight_marker\">Domingo Sanz<\/span><\/p>\n","protected":false},"excerpt":{"rendered":"<p>Eso fue lo que ayer, 27 de septiembre, el presidente del Parlament Balear y tambi\u00e9n miembro de Vox respondi\u00f3 ante el juez tras ser preguntado por la foto de Aurora Picornell y otras v\u00edctimas de los franquistas que rompi\u00f3 al comienzo de un pleno en junio pasado, lo que le podr\u00eda costar una condena por [&hellip;]<\/p>\n","protected":false},"author":2,"featured_media":7909,"comment_status":"closed","ping_status":"open","sticky":false,"template":"","format":"standard","meta":{"footnotes":""},"categories":[139],"tags":[],"class_list":{"0":"post-7908","1":"post","2":"type-post","3":"status-publish","4":"format-standard","5":"has-post-thumbnail","7":"category-opinio"},"_links":{"self":[{"href":"https:\/\/www.areabesos.com\/diario\/wp-json\/wp\/v2\/posts\/7908","targetHints":{"allow":["GET"]}}],"collection":[{"href":"https:\/\/www.areabesos.com\/diario\/wp-json\/wp\/v2\/posts"}],"about":[{"href":"https:\/\/www.areabesos.com\/diario\/wp-json\/wp\/v2\/types\/post"}],"author":[{"embeddable":true,"href":"https:\/\/www.areabesos.com\/diario\/wp-json\/wp\/v2\/users\/2"}],"replies":[{"embeddable":true,"href":"https:\/\/www.areabesos.com\/diario\/wp-json\/wp\/v2\/comments?post=7908"}],"version-history":[{"count":1,"href":"https:\/\/www.areabesos.com\/diario\/wp-json\/wp\/v2\/posts\/7908\/revisions"}],"predecessor-version":[{"id":7910,"href":"https:\/\/www.areabesos.com\/diario\/wp-json\/wp\/v2\/posts\/7908\/revisions\/7910"}],"wp:featuredmedia":[{"embeddable":true,"href":"https:\/\/www.areabesos.com\/diario\/wp-json\/wp\/v2\/media\/7909"}],"wp:attachment":[{"href":"https:\/\/www.areabesos.com\/diario\/wp-json\/wp\/v2\/media?parent=7908"}],"wp:term":[{"taxonomy":"category","embeddable":true,"href":"https:\/\/www.areabesos.com\/diario\/wp-json\/wp\/v2\/categories?post=7908"},{"taxonomy":"post_tag","embeddable":true,"href":"https:\/\/www.areabesos.com\/diario\/wp-json\/wp\/v2\/tags?post=7908"}],"curies":[{"name":"wp","href":"https:\/\/api.w.org\/{rel}","templated":true}]}}