{"id":7894,"date":"2024-09-27T09:30:50","date_gmt":"2024-09-27T07:30:50","guid":{"rendered":"https:\/\/www.areabesos.com\/diario\/?p=7894"},"modified":"2024-09-27T10:34:40","modified_gmt":"2024-09-27T08:34:40","slug":"la-mostra-dentitats-es-trasllada-a-la-rambleta-i-el-parc-fluvial-del-besos","status":"publish","type":"post","link":"https:\/\/www.areabesos.com\/diario\/la-mostra-dentitats-es-trasllada-a-la-rambleta-i-el-parc-fluvial-del-besos\/","title":{"rendered":"La Mostra d&#8217;Entitats es trasllada a La Rambleta i el Parc Fluvial del Bes\u00f2s"},"content":{"rendered":"\n<p>Aquest any se celebra la tretzena Mostra d\u2019Entitats, que a difer\u00e8ncia d\u2019anys anteriors, canvia la seva ubicaci\u00f3 habitual, de la Pla\u00e7a de la Vila a la Rambleta i la llera del Riu Bes\u00f2s.\u00a0El canvi vol propiciar la participaci\u00f3 d\u2019entitats esportives en un recinte ferial m\u00e9s ampli que els permeti mostrar les seves activitats mitjan\u00e7ant la mateixa pr\u00e0ctica esportiva.<\/p>\n\n\n\n<p>D\u2019aquesta manera, la llera del riu Bes\u00f2s acollir\u00e0 els esdeveniments esportius, com futbol, b\u00e0squet, voleibol i beisbol, a part d\u2019activitats infantils, com jocs gegants i inflables.<\/p>\n\n\n\n<p>A l\u2019espai de la Rambleta es podran visitar les carpes de les entitats participants a on els visitants podran informar-se sobre les activitats que desenvolupen les associacions.<\/p>\n\n\n\n<p>Aquesta edici\u00f3 acull m\u00e9s de quaranta associacions que han volgut aprofitar l\u2019ocasi\u00f3 per mostrar-se als ciutadans i compartir-hi una vegada m\u00e9s el seu temps i les seves activitats amb la ciutadania.<\/p>\n\n\n\n<p>La festa de les associacions tindr\u00e0 una\u00a0<a href=\"https:\/\/www.sant-adria.cat\/sant-adria-per-temes\/participacio-ciutadana\/mostra-dentitats\/documents-xiii-mostra-dentitats\/programa-xiii-mostra-dentitats\" target=\"_blank\" rel=\"noreferrer noopener\">programaci\u00f3<\/a>\u00a0molt diversa que inclou espectacles musicals, poesia, sardanes, jocs infantils, tallers, circuit de bicicletes&#8230;<\/p>\n","protected":false},"excerpt":{"rendered":"<p>Aquest any se celebra la tretzena Mostra d\u2019Entitats, que a difer\u00e8ncia d\u2019anys anteriors, canvia la seva ubicaci\u00f3 habitual, de la Pla\u00e7a de la Vila a la Rambleta i la llera del Riu Bes\u00f2s.\u00a0El canvi vol propiciar la participaci\u00f3 d\u2019entitats esportives en un recinte ferial m\u00e9s ampli que els permeti mostrar les seves activitats mitjan\u00e7ant la [&hellip;]<\/p>\n","protected":false},"author":1,"featured_media":7892,"comment_status":"closed","ping_status":"open","sticky":false,"template":"","format":"standard","meta":{"footnotes":""},"categories":[135],"tags":[],"class_list":{"0":"post-7894","1":"post","2":"type-post","3":"status-publish","4":"format-standard","5":"has-post-thumbnail","7":"category-societat"},"_links":{"self":[{"href":"https:\/\/www.areabesos.com\/diario\/wp-json\/wp\/v2\/posts\/7894","targetHints":{"allow":["GET"]}}],"collection":[{"href":"https:\/\/www.areabesos.com\/diario\/wp-json\/wp\/v2\/posts"}],"about":[{"href":"https:\/\/www.areabesos.com\/diario\/wp-json\/wp\/v2\/types\/post"}],"author":[{"embeddable":true,"href":"https:\/\/www.areabesos.com\/diario\/wp-json\/wp\/v2\/users\/1"}],"replies":[{"embeddable":true,"href":"https:\/\/www.areabesos.com\/diario\/wp-json\/wp\/v2\/comments?post=7894"}],"version-history":[{"count":1,"href":"https:\/\/www.areabesos.com\/diario\/wp-json\/wp\/v2\/posts\/7894\/revisions"}],"predecessor-version":[{"id":7895,"href":"https:\/\/www.areabesos.com\/diario\/wp-json\/wp\/v2\/posts\/7894\/revisions\/7895"}],"wp:featuredmedia":[{"embeddable":true,"href":"https:\/\/www.areabesos.com\/diario\/wp-json\/wp\/v2\/media\/7892"}],"wp:attachment":[{"href":"https:\/\/www.areabesos.com\/diario\/wp-json\/wp\/v2\/media?parent=7894"}],"wp:term":[{"taxonomy":"category","embeddable":true,"href":"https:\/\/www.areabesos.com\/diario\/wp-json\/wp\/v2\/categories?post=7894"},{"taxonomy":"post_tag","embeddable":true,"href":"https:\/\/www.areabesos.com\/diario\/wp-json\/wp\/v2\/tags?post=7894"}],"curies":[{"name":"wp","href":"https:\/\/api.w.org\/{rel}","templated":true}]}}