{"id":7863,"date":"2024-09-17T12:39:01","date_gmt":"2024-09-17T10:39:01","guid":{"rendered":"https:\/\/www.areabesos.com\/diario\/?p=7863"},"modified":"2024-09-19T10:14:57","modified_gmt":"2024-09-19T08:14:57","slug":"joan-palet-rep-emocionat-el-premi-empremta930-domnium-sant-adria","status":"publish","type":"post","link":"https:\/\/www.areabesos.com\/diario\/joan-palet-rep-emocionat-el-premi-empremta930-domnium-sant-adria\/","title":{"rendered":"Joan Palet rep emocionat el premi Empremta930 d\u2019\u00d2mnium Sant Adri\u00e0"},"content":{"rendered":"\n<p>El passat 10 de setembre, el Casal de Cultura va acollir la cerim\u00f2nia de lliurament del primer premi Empremta930 que ha creat \u00d2mnium Cultural Sant Adri\u00e0 per recon\u00e8ixer la promoci\u00f3 cultural a la ciutat. Joan Palet, m\u00fasic, compositor i director d&#8217;orquestra va rebre emocionat el guard\u00f3 en aquesta primera edici\u00f3 en una sala plena d&#8217;amics, fam\u00edlia i institucions, com l&#8217;alcaldessa de Sant Adri\u00e0, Filo Ca\u00f1ete, i el regidor de cultura i festes, Andr\u00e9s Pozo.<\/p>\n\n\n\n<p>Durant l&#8217;acte de lliurament, que va ser molt emocionant, van tocar 5 solistes que van ser disc\u00edpuls del mestre Palet, a m\u00e9s de l&#8217;Orquestra Amics dels M\u00fasics, dirigida per ell mateix durant molt de temps i amb la que ha portat a Sant Adri\u00e0 els seus m\u00edtics cicles de m\u00fasica per a tothom. El mestre Palet, juntament amb el seu fill i un altre solista, van interpretar el \u00abCant dels ocells\u00bb. La Colla Castellera de Sant Adri\u00e0 va voler homenatjar el m\u00fasic amb un pilar. \u00d2mnium Cultural Sant Adri\u00e0 de Bes\u00f2s valora molt positivament aquesta primera edici\u00f3 del guard\u00f3 Empremta930 que volen es mantingui en el temps.<\/p>\n\n\n\n<figure class=\"wp-block-gallery has-nested-images columns-default is-cropped td-modal-on-gallery wp-block-gallery-1 is-layout-flex wp-block-gallery-is-layout-flex\">\n<figure class=\"wp-block-image size-large\"><a href=\"https:\/\/www.areabesos.com\/diario\/wp-content\/uploads\/2024\/09\/empremtaJoanPalet01.jpg\"><img loading=\"lazy\" decoding=\"async\" width=\"1024\" height=\"683\" data-id=\"7866\" src=\"https:\/\/www.areabesos.com\/diario\/wp-content\/uploads\/2024\/09\/empremtaJoanPalet01-1024x683.jpg\" alt=\"\" class=\"wp-image-7866\" srcset=\"https:\/\/www.areabesos.com\/diario\/wp-content\/uploads\/2024\/09\/empremtaJoanPalet01-1024x683.jpg 1024w, https:\/\/www.areabesos.com\/diario\/wp-content\/uploads\/2024\/09\/empremtaJoanPalet01-300x200.jpg 300w, https:\/\/www.areabesos.com\/diario\/wp-content\/uploads\/2024\/09\/empremtaJoanPalet01-768x512.jpg 768w, https:\/\/www.areabesos.com\/diario\/wp-content\/uploads\/2024\/09\/empremtaJoanPalet01-150x100.jpg 150w, https:\/\/www.areabesos.com\/diario\/wp-content\/uploads\/2024\/09\/empremtaJoanPalet01-696x464.jpg 696w, https:\/\/www.areabesos.com\/diario\/wp-content\/uploads\/2024\/09\/empremtaJoanPalet01-1068x712.jpg 1068w, https:\/\/www.areabesos.com\/diario\/wp-content\/uploads\/2024\/09\/empremtaJoanPalet01.jpg 1200w\" sizes=\"auto, (max-width: 1024px) 100vw, 1024px\" \/><\/a><\/figure>\n\n\n\n<figure class=\"wp-block-image size-large\"><a href=\"https:\/\/www.areabesos.com\/diario\/wp-content\/uploads\/2024\/09\/empremptaJoanPalet03.jpg\"><img loading=\"lazy\" decoding=\"async\" width=\"1024\" height=\"683\" data-id=\"7865\" src=\"https:\/\/www.areabesos.com\/diario\/wp-content\/uploads\/2024\/09\/empremptaJoanPalet03-1024x683.jpg\" alt=\"\" class=\"wp-image-7865\" srcset=\"https:\/\/www.areabesos.com\/diario\/wp-content\/uploads\/2024\/09\/empremptaJoanPalet03-1024x683.jpg 1024w, https:\/\/www.areabesos.com\/diario\/wp-content\/uploads\/2024\/09\/empremptaJoanPalet03-300x200.jpg 300w, https:\/\/www.areabesos.com\/diario\/wp-content\/uploads\/2024\/09\/empremptaJoanPalet03-768x512.jpg 768w, https:\/\/www.areabesos.com\/diario\/wp-content\/uploads\/2024\/09\/empremptaJoanPalet03-150x100.jpg 150w, https:\/\/www.areabesos.com\/diario\/wp-content\/uploads\/2024\/09\/empremptaJoanPalet03-696x464.jpg 696w, https:\/\/www.areabesos.com\/diario\/wp-content\/uploads\/2024\/09\/empremptaJoanPalet03-1068x712.jpg 1068w, https:\/\/www.areabesos.com\/diario\/wp-content\/uploads\/2024\/09\/empremptaJoanPalet03.jpg 1200w\" sizes=\"auto, (max-width: 1024px) 100vw, 1024px\" \/><\/a><\/figure>\n\n\n\n<figure class=\"wp-block-image size-large\"><a href=\"https:\/\/www.areabesos.com\/diario\/wp-content\/uploads\/2024\/09\/empremptaPalet02.jpg\"><img loading=\"lazy\" decoding=\"async\" width=\"1024\" height=\"604\" data-id=\"7864\" src=\"https:\/\/www.areabesos.com\/diario\/wp-content\/uploads\/2024\/09\/empremptaPalet02-1024x604.jpg\" alt=\"\" class=\"wp-image-7864\" srcset=\"https:\/\/www.areabesos.com\/diario\/wp-content\/uploads\/2024\/09\/empremptaPalet02-1024x604.jpg 1024w, https:\/\/www.areabesos.com\/diario\/wp-content\/uploads\/2024\/09\/empremptaPalet02-300x177.jpg 300w, https:\/\/www.areabesos.com\/diario\/wp-content\/uploads\/2024\/09\/empremptaPalet02-768x453.jpg 768w, https:\/\/www.areabesos.com\/diario\/wp-content\/uploads\/2024\/09\/empremptaPalet02-150x89.jpg 150w, https:\/\/www.areabesos.com\/diario\/wp-content\/uploads\/2024\/09\/empremptaPalet02-696x411.jpg 696w, https:\/\/www.areabesos.com\/diario\/wp-content\/uploads\/2024\/09\/empremptaPalet02-1068x630.jpg 1068w, https:\/\/www.areabesos.com\/diario\/wp-content\/uploads\/2024\/09\/empremptaPalet02.jpg 1200w\" sizes=\"auto, (max-width: 1024px) 100vw, 1024px\" \/><\/a><\/figure>\n<figcaption class=\"blocks-gallery-caption wp-element-caption\">Fotografies: Toni El\u00edas.<\/figcaption><\/figure>\n","protected":false},"excerpt":{"rendered":"<p>El passat 10 de setembre, el Casal de Cultura va acollir la cerim\u00f2nia de lliurament del primer premi Empremta930 que ha creat \u00d2mnium Cultural Sant Adri\u00e0 per recon\u00e8ixer la promoci\u00f3 cultural a la ciutat. Joan Palet, m\u00fasic, compositor i director d&#8217;orquestra va rebre emocionat el guard\u00f3 en aquesta primera edici\u00f3 en una sala plena d&#8217;amics, [&hellip;]<\/p>\n","protected":false},"author":1,"featured_media":7867,"comment_status":"closed","ping_status":"open","sticky":false,"template":"","format":"standard","meta":{"footnotes":""},"categories":[136],"tags":[],"class_list":{"0":"post-7863","1":"post","2":"type-post","3":"status-publish","4":"format-standard","5":"has-post-thumbnail","7":"category-cultura"},"_links":{"self":[{"href":"https:\/\/www.areabesos.com\/diario\/wp-json\/wp\/v2\/posts\/7863","targetHints":{"allow":["GET"]}}],"collection":[{"href":"https:\/\/www.areabesos.com\/diario\/wp-json\/wp\/v2\/posts"}],"about":[{"href":"https:\/\/www.areabesos.com\/diario\/wp-json\/wp\/v2\/types\/post"}],"author":[{"embeddable":true,"href":"https:\/\/www.areabesos.com\/diario\/wp-json\/wp\/v2\/users\/1"}],"replies":[{"embeddable":true,"href":"https:\/\/www.areabesos.com\/diario\/wp-json\/wp\/v2\/comments?post=7863"}],"version-history":[{"count":2,"href":"https:\/\/www.areabesos.com\/diario\/wp-json\/wp\/v2\/posts\/7863\/revisions"}],"predecessor-version":[{"id":7877,"href":"https:\/\/www.areabesos.com\/diario\/wp-json\/wp\/v2\/posts\/7863\/revisions\/7877"}],"wp:featuredmedia":[{"embeddable":true,"href":"https:\/\/www.areabesos.com\/diario\/wp-json\/wp\/v2\/media\/7867"}],"wp:attachment":[{"href":"https:\/\/www.areabesos.com\/diario\/wp-json\/wp\/v2\/media?parent=7863"}],"wp:term":[{"taxonomy":"category","embeddable":true,"href":"https:\/\/www.areabesos.com\/diario\/wp-json\/wp\/v2\/categories?post=7863"},{"taxonomy":"post_tag","embeddable":true,"href":"https:\/\/www.areabesos.com\/diario\/wp-json\/wp\/v2\/tags?post=7863"}],"curies":[{"name":"wp","href":"https:\/\/api.w.org\/{rel}","templated":true}]}}