{"id":7860,"date":"2024-09-16T10:50:13","date_gmt":"2024-09-16T08:50:13","guid":{"rendered":"https:\/\/www.areabesos.com\/diario\/?p=7860"},"modified":"2024-09-18T10:51:45","modified_gmt":"2024-09-18T08:51:45","slug":"grup-tersa-publica-la-memoria-de-sostenibilitat-2023","status":"publish","type":"post","link":"https:\/\/www.areabesos.com\/diario\/grup-tersa-publica-la-memoria-de-sostenibilitat-2023\/","title":{"rendered":"Grup TERSA publica la Mem\u00f2ria de Sostenibilitat 2023"},"content":{"rendered":"\n<p>Grup TERSA, l\u2019empresa especialitzada en la gesti\u00f3 de serveis ambientals relacionats amb l\u2019economia circular i la promoci\u00f3 de la sostenibilitat, que est\u00e0 participada majorit\u00e0riament per l\u2019Ajuntament de Barcelona i l\u2019\u00c0rea Metropolitana de Barcelona (AMB), ha publicat la <strong>Mem\u00f2ria de Sostenibilitat 2023<\/strong> per informar sobre la seva activitat i gesti\u00f3 durant el passat any.&nbsp;<\/p>\n\n\n\n<p>La Mem\u00f2ria s\u2019ha elaborat amb conformitat als est\u00e0ndards GRI, seguint els criteris establerts per <a href=\"https:\/\/r.tdh.tinkle.es\/tr\/cl\/wc6NzxTwTgwosmaC6YS1jkxz9nJt9jBh5B8VtqV5wXr6f8FdnkkpTFyxtRxBc8Tlst_SlNOXQudQybftmEvyNLD1m6VzLNlovv9oiqbjg1dleK8WA_ro0qU6xl8k8U7Kx6vOYVwXZb6tdklj1p9P-iAIousJNHvQmEVJD7-M5XAmR-xTBXWiGnyemWU7_r4HS3pgD4_NEa1qot5WFek8rqTq0q8tEr_Pf_5TlIa_nMtz80Bci3wRmiFpXIdKrA6R8ZXSHp7qI-FOnysLxyuOh31CDZTwCii2QwprjBmOHx6PKPMupg2FONBPOFTVJOx2NmQnYx1H3x0mI5xPevjJX89LjZAJPW7uG2TC6efPDQBN_KZT0k8TVX8P5DNwzcQXNRYyei1fhSH4VMg4oXrlh-BwnL8laOTHH8KjUy3QwjcQ1eCTlyf3npVBvndNaGiTA6aFX3kCAFITyYEclaIUn1Ix5gUQZNWiAEo_lSq_UcwgTYk\">Global Reporting Initiative<\/a> i, ha estat verificada per una empresa externa independent. El document exposa les dades, les activitats i les iniciatives m\u00e9s significatives de l\u2019empresa p\u00fablica durant el 2023.<\/p>\n\n\n\n<p>Entre els fets m\u00e9s rellevants, es destaquen:&nbsp;<\/p>\n\n\n\n<ul class=\"wp-block-list\">\n<li><strong>TERSA<\/strong> va commemorar el seu <strong>quarant\u00e8 aniversari<\/strong>; es va constituir el 21 de febrer del 1983 per, inicialment, explotar la Planta de Valoritzaci\u00f3 Energ\u00e8tica de Sant Adri\u00e0 de Bes\u00f2s i, al llarg dels anys, ha anat assumint nous serveis p\u00fablics. Una efem\u00e8ride que mostra la traject\u00f2ria de l\u2019empresa p\u00fablica i posa en valor la confian\u00e7a rebuda per part dels clients, les administracions i la ciutadania.<\/li>\n<\/ul>\n\n\n\n<ul class=\"wp-block-list\">\n<li>L\u2019empresa p\u00fablica <strong>ha renovat els consells d\u2019administraci\u00f3 de TERSA, SEMESA i SIRESA<\/strong> arran de la formaci\u00f3 dels equips de govern de l\u2019Ajuntament de Barcelona i l\u2019\u00c0rea Metropolitana de Barcelona (AMB) despr\u00e9s de les darreres eleccions municipals.<\/li>\n<\/ul>\n\n\n\n<ul class=\"wp-block-list\">\n<li><strong>Grup TERSA ha ampliat el seu accionariat amb l\u2019entrada de quatre ajuntaments metropolitans<\/strong>: <strong>Santa Coloma de Gramenet, el Papiol, Castellbisbal i Barber\u00e0 del Vall\u00e8s. <\/strong>D\u2019aquesta manera, els consistoris pondran adherir-se al subministrament de l\u2019energia renovable subministrada per <strong>Barcelona Energia, <\/strong>la comercialitzadora p\u00fablica de l\u2019\u00e0rea metropolitana de Barcelona, aix\u00ed com beneficiar-se dels serveis d\u2019assessorament energ\u00e8tic que ofereix <strong>TERSA<\/strong>. De fet, Barcelona Energia, que ja supera els 13.000 punts de subministrament (va tancar el 2023 amb 12.484 punts, un 15% m\u00e9s que el 2022), <strong>va comercialitzar 256.303 MWh d\u2019energia el 2023, un 16,5% m\u00e9s que l\u2019any anterior<\/strong>. Aix\u00ed doncs, es consolida aquesta unitat de negoci com un dels eixos claus de l\u2019activitat de Grup TERSA, fet que demostra, tamb\u00e9, l\u2019inter\u00e8s creixent de la ciutadania per un model energ\u00e8tic m\u00e9s responsable i sostenible. A m\u00e9s, d\u2019entre els projectes destacats de Barcelona Energia, conv\u00e9 mencionar que la comercialitzadora p\u00fablica va il\u00b7luminar els escenaris del Festival Grec amb energia renovable i tamb\u00e9, La Merc\u00e8 2023.<\/li>\n<\/ul>\n\n\n\n<ul class=\"wp-block-list\">\n<li><strong>Grup TERSA<\/strong> va tancar el 2023 administrant <strong>257 instal\u00b7lacions fotovoltaiques, m\u00e9s d\u2019un 31% que al 2022<\/strong>. Totes elles van generar un total <strong>de 4.633.224 kW h<\/strong> que, comparat amb 2022 suposa <strong>un increment del 15% de producci\u00f3 energ\u00e8tica<\/strong> destinada, majorit\u00e0riament, a <strong>l\u2019autoconsum<\/strong>. Unes xifres que, sumades a l\u2019activitat de Barcelona Energia, consoliden la seva aposta per la generaci\u00f3, la comercialitzaci\u00f3 i l\u2019oferta de serveis relacionats amb les energies renovables de la companyia.<\/li>\n<\/ul>\n\n\n\n<ul class=\"wp-block-list\">\n<li>El <strong>Centre de Tractament de Residus Municipals (CTRM) de Gav\u00e0-Viladecans<\/strong>, gestionat per <strong>SEMESA<\/strong>, ha finalitzat el projecte d\u2019optimitzaci\u00f3 de la planta de selecci\u00f3 d\u2019envasos lleugers i ha consolidat el funcionament del tercer torn incorporat el 2022. L\u2019any 2023<strong> s\u2019ha augmentat la capacitat de tones tractades d\u2019envasos lleugers a la instal\u00b7laci\u00f3 en un 8%<\/strong>.<\/li>\n<\/ul>\n\n\n\n<ul class=\"wp-block-list\">\n<li>La<strong> Planta de Valoritzaci\u00f3 Energ\u00e8tica (PVE) de Sant Adri\u00e0 del Bes\u00f2s ha finalitzat el primer projecte d&#8217;implementaci\u00f3 d\u2019Intel\u00b7lig\u00e8ncia Artificial (IA),<\/strong> amb l&#8217;objectiu de millorar l\u2019efici\u00e8ncia i la sostenibilitat. Un \u00e8xit que obre les portes a explorar altres processos on aplicar aquestes t\u00e8cniques d&#8217;IA a la PVE que, <strong>el 2023, va valoritzar un total de 342.827 tones de residus, un 8% m\u00e9s que el 2022<\/strong>. Majorit\u00e0riament, l\u2019energia produ\u00efda per la PVE s\u2019ha destinat a la venta a la xarxa el\u00e8ctrica i, el volum de vapor venut a Districlima, la xarxa urbana de calor i fred del F\u00f2rum i del Districte 22@, va ser del mateix ordre respecte al 2022 i va evitar l\u2019emissi\u00f3 a l\u2019atmosfera de 32.533 Tn Co2, que equivaldria a retirar cada dia 47.000 vehicles de la circulaci\u00f3.<\/li>\n<\/ul>\n\n\n\n<ul class=\"wp-block-list\">\n<li><strong>SIRESA<\/strong> ha assumit <strong>nous serveis<\/strong> com; la gesti\u00f3 t\u00e8cnica del servei de recollida de roba a domicili de l\u2019Ajuntament de Barcelona, la coordinaci\u00f3 i execuci\u00f3 de les tasques d\u2019informaci\u00f3 i seguiment d\u2019incid\u00e8ncies relacionades amb el sistema de recollida porta a porta als barris de Sarri\u00e0 i Sant Andreu, la gesti\u00f3 de l\u2019Aula Ambiental de Ciutat Vella i la del punt d\u2019informaci\u00f3 de L\u2019Hivernacle de Ciutat Vella.<\/li>\n<\/ul>\n\n\n\n<ul class=\"wp-block-list\">\n<li><strong>Grup TERSA,<\/strong> a m\u00e9s, s\u2019ha adherit al Club EMAS i al Cl\u00faster Bioenergia Catalunya i tamb\u00e9, va ser una de les m\u00e9s de 200 empreses que va signar el \u201cManifest per una economia amb Prop\u00f2sit\u201d impulsat per Respon.cat i les principals organitzacions empresarials de Catalunya amb l\u2019objectiu de fomentar una economia que abordi tant l\u2019impacte econ\u00f2mic al territori com el seu paper social i mediambiental. Aquestes <strong>aliances<\/strong> pretenen l\u2019intercanvi de sinergies i coneixements amb d\u2019altres professionals i entitats expertes del sector per tal de seguir impulsant models de gesti\u00f3 responsables i sostenibles.<\/li>\n<\/ul>\n\n\n\n<ul class=\"wp-block-list\">\n<li><strong>S\u2019ha incrementat la plantilla un 6%,<\/strong> arribant als 454 treballadors el 2023. A m\u00e9s a m\u00e9s, Grup TERSA ha estat reconegut de nou amb el Segell L\u00e0bora per les seves bones pr\u00e0ctiques en mat\u00e8ria d&#8217;ocupaci\u00f3 de qualitat i igualtat. Tamb\u00e9 ha rebut el reconeixement de la Creu Roja per millorar l&#8217;ocupabilitat de les persones vulnerables del territori, facilitant la seva inclusi\u00f3 al mercat laboral i fomentant-ne la inserci\u00f3 social i laboral.<\/li>\n<\/ul>\n\n\n\n<p>Amb aquest exercici de transpar\u00e8ncia, Grup TERSA reafirma el seu comprom\u00eds amb la ciutadania, fent p\u00fablica la seva gesti\u00f3 i donant a con\u00e8ixer les dades de la seva activitat i impacte en l\u2019entorn. Aix\u00ed mateix, es consolida la seva responsabilitat envers el bon govern i es mant\u00e9 la voluntat d&#8217;establir un di\u00e0leg continu amb els diferents grups d&#8217;inter\u00e8s del territori, amb la intenci\u00f3 de seguir posicionant el Grup com una de les empreses expertes i referents del sector.<\/p>\n\n\n\n<p>La Mem\u00f2ria de Sostenibilitat 2023 del Grup TERSA es pot consultar, en catal\u00e0 i castell\u00e0, en aquests enlla\u00e7os:<\/p>\n\n\n\n<p><a href=\"https:\/\/www.tersa.cat\/media\/3413\/tersa23_webca_ok.pdf\">https:\/\/www.tersa.cat\/media\/3413\/tersa23_webca_ok.pdf<\/a><\/p>\n\n\n\n<p><a href=\"https:\/\/www.tersa.cat\/media\/3414\/tersa23_webes_ok.pdf\">https:\/\/www.tersa.cat\/media\/3414\/tersa23_webes_ok.pdf<\/a><\/p>\n","protected":false},"excerpt":{"rendered":"<p>Grup TERSA, l\u2019empresa especialitzada en la gesti\u00f3 de serveis ambientals relacionats amb l\u2019economia circular i la promoci\u00f3 de la sostenibilitat, que est\u00e0 participada majorit\u00e0riament per l\u2019Ajuntament de Barcelona i l\u2019\u00c0rea Metropolitana de Barcelona (AMB), ha publicat la Mem\u00f2ria de Sostenibilitat 2023 per informar sobre la seva activitat i gesti\u00f3 durant el passat any.&nbsp; La Mem\u00f2ria [&hellip;]<\/p>\n","protected":false},"author":2,"featured_media":7861,"comment_status":"closed","ping_status":"open","sticky":false,"template":"","format":"standard","meta":{"footnotes":""},"categories":[134],"tags":[],"class_list":{"0":"post-7860","1":"post","2":"type-post","3":"status-publish","4":"format-standard","5":"has-post-thumbnail","7":"category-actualitat"},"_links":{"self":[{"href":"https:\/\/www.areabesos.com\/diario\/wp-json\/wp\/v2\/posts\/7860","targetHints":{"allow":["GET"]}}],"collection":[{"href":"https:\/\/www.areabesos.com\/diario\/wp-json\/wp\/v2\/posts"}],"about":[{"href":"https:\/\/www.areabesos.com\/diario\/wp-json\/wp\/v2\/types\/post"}],"author":[{"embeddable":true,"href":"https:\/\/www.areabesos.com\/diario\/wp-json\/wp\/v2\/users\/2"}],"replies":[{"embeddable":true,"href":"https:\/\/www.areabesos.com\/diario\/wp-json\/wp\/v2\/comments?post=7860"}],"version-history":[{"count":1,"href":"https:\/\/www.areabesos.com\/diario\/wp-json\/wp\/v2\/posts\/7860\/revisions"}],"predecessor-version":[{"id":7862,"href":"https:\/\/www.areabesos.com\/diario\/wp-json\/wp\/v2\/posts\/7860\/revisions\/7862"}],"wp:featuredmedia":[{"embeddable":true,"href":"https:\/\/www.areabesos.com\/diario\/wp-json\/wp\/v2\/media\/7861"}],"wp:attachment":[{"href":"https:\/\/www.areabesos.com\/diario\/wp-json\/wp\/v2\/media?parent=7860"}],"wp:term":[{"taxonomy":"category","embeddable":true,"href":"https:\/\/www.areabesos.com\/diario\/wp-json\/wp\/v2\/categories?post=7860"},{"taxonomy":"post_tag","embeddable":true,"href":"https:\/\/www.areabesos.com\/diario\/wp-json\/wp\/v2\/tags?post=7860"}],"curies":[{"name":"wp","href":"https:\/\/api.w.org\/{rel}","templated":true}]}}