{"id":7846,"date":"2024-09-09T12:55:47","date_gmt":"2024-09-09T10:55:47","guid":{"rendered":"https:\/\/www.areabesos.com\/diario\/?p=7846"},"modified":"2024-09-13T13:13:32","modified_gmt":"2024-09-13T11:13:32","slug":"sobre-el-termini-per-sol%c2%b7licitar-les-beques-i-ajuts-per-a-la-continuitat-educativa","status":"publish","type":"post","link":"https:\/\/www.areabesos.com\/diario\/sobre-el-termini-per-sol%c2%b7licitar-les-beques-i-ajuts-per-a-la-continuitat-educativa\/","title":{"rendered":"S&#8217;obre el termini per sol\u00b7licitar les beques i ajuts per a la continu\u00eftat educativa"},"content":{"rendered":"\n<p>El proper 12 de setembre s&#8217;obre la convocat\u00f2ria d&#8217;ajuts i beques per a l&#8217;alumnat de Sant Adri\u00e0 de Bes\u00f2s que vulgui continuar amb els estudis despr\u00e9s d&#8217;haver acabat l&#8217;Educaci\u00f3 Secund\u00e0ria Obligat\u00f2ria i sempre que no tingui una titulaci\u00f3 superior a la de graduat en ESO. El termini finalitzar\u00e0 el 30 de setembre d&#8217;enguany.<\/p>\n\n\n\n<p>Trobareu tota la informaci\u00f3 sobre els requisits, documentaci\u00f3 i com presentar les sol.licituds en el seg\u00fcent enlla\u00e7 de la&nbsp;<a href=\"http:\/\/seu.sant-adria.net\/sta\/CarpetaPublic\/doEvent?APP_CODE=STA&amp;PAGE_CODE=CATALOGO&amp;DETALLE=6269000004639805099500\" target=\"_blank\" rel=\"noreferrer noopener\"><strong>SEU<\/strong>&nbsp;<strong>ELECTR\u00d2NICA<\/strong><\/a>.<\/p>\n","protected":false},"excerpt":{"rendered":"<p>El proper 12 de setembre s&#8217;obre la convocat\u00f2ria d&#8217;ajuts i beques per a l&#8217;alumnat de Sant Adri\u00e0 de Bes\u00f2s que vulgui continuar amb els estudis despr\u00e9s d&#8217;haver acabat l&#8217;Educaci\u00f3 Secund\u00e0ria Obligat\u00f2ria i sempre que no tingui una titulaci\u00f3 superior a la de graduat en ESO. El termini finalitzar\u00e0 el 30 de setembre d&#8217;enguany. Trobareu tota [&hellip;]<\/p>\n","protected":false},"author":2,"featured_media":7847,"comment_status":"closed","ping_status":"open","sticky":false,"template":"","format":"standard","meta":{"footnotes":""},"categories":[135],"tags":[],"class_list":{"0":"post-7846","1":"post","2":"type-post","3":"status-publish","4":"format-standard","5":"has-post-thumbnail","7":"category-societat"},"_links":{"self":[{"href":"https:\/\/www.areabesos.com\/diario\/wp-json\/wp\/v2\/posts\/7846","targetHints":{"allow":["GET"]}}],"collection":[{"href":"https:\/\/www.areabesos.com\/diario\/wp-json\/wp\/v2\/posts"}],"about":[{"href":"https:\/\/www.areabesos.com\/diario\/wp-json\/wp\/v2\/types\/post"}],"author":[{"embeddable":true,"href":"https:\/\/www.areabesos.com\/diario\/wp-json\/wp\/v2\/users\/2"}],"replies":[{"embeddable":true,"href":"https:\/\/www.areabesos.com\/diario\/wp-json\/wp\/v2\/comments?post=7846"}],"version-history":[{"count":1,"href":"https:\/\/www.areabesos.com\/diario\/wp-json\/wp\/v2\/posts\/7846\/revisions"}],"predecessor-version":[{"id":7848,"href":"https:\/\/www.areabesos.com\/diario\/wp-json\/wp\/v2\/posts\/7846\/revisions\/7848"}],"wp:featuredmedia":[{"embeddable":true,"href":"https:\/\/www.areabesos.com\/diario\/wp-json\/wp\/v2\/media\/7847"}],"wp:attachment":[{"href":"https:\/\/www.areabesos.com\/diario\/wp-json\/wp\/v2\/media?parent=7846"}],"wp:term":[{"taxonomy":"category","embeddable":true,"href":"https:\/\/www.areabesos.com\/diario\/wp-json\/wp\/v2\/categories?post=7846"},{"taxonomy":"post_tag","embeddable":true,"href":"https:\/\/www.areabesos.com\/diario\/wp-json\/wp\/v2\/tags?post=7846"}],"curies":[{"name":"wp","href":"https:\/\/api.w.org\/{rel}","templated":true}]}}